{"id":2959,"date":"2025-07-14T23:11:04","date_gmt":"2025-07-14T21:11:04","guid":{"rendered":"https:\/\/pfarrei-schwarzach-perasdorf.de\/?p=2959"},"modified":"2025-07-19T22:39:09","modified_gmt":"2025-07-19T20:39:09","slug":"25-jaehriges-priesterjubilaeum-von-pfarrvikar-p-dr-robert-kieltyka-ofm-conv-franziskaner","status":"publish","type":"post","link":"https:\/\/pfarrei-schwarzach-perasdorf.de\/?p=2959","title":{"rendered":"25. J\u00e4hriges Priesterjubil\u00e4um von Pfarrvikar P. Dr. Robert Kieltyka OFM Conv Franziskaner"},"content":{"rendered":"\n<p>\u201eDer Geist GOTTES, des Herrn, ruht auf mir. Denn der HERR hat mich gesalbt; er hat mich gesandt, um den Armen frohe Botschaft zu bringen, um die zu heilen, die gebrochenen Herzens sind\u2026\u201c (Jes 61,1a)<\/p>\n\n\n\n<p><\/p>\n\n\n\n<p>Die Pfarreiengemeinschaft Schwarzach-Perasdorf feierte am Sonntag, den 6. Juli 2025 das 25.-j\u00e4hrige Wirken als Ordenspriester von ihrem Pfarrvikar P. Robert.<\/p>\n\n\n\n<p>Seit 1.9. 2022 wirkt er als Pfarrvikar in unserer Pfarreiengemeinschaft und unterst\u00fctzt das Pastoralteam um Pfarrer Hans-J\u00fcrgen Koller und Gemeindereferent Martin Bartlreiher.<\/p>\n\n\n\n<p>In einem festlichen Gottesdienst brachten die beiden Pfarreien Ihren Dank zum Ausdruck f\u00fcr das Wirken von P. Robert. Pfarrer Hans-J\u00fcrgen Koller nahm in seiner Predigt Bezug zum Wort Jesu \u201eIch bin der gute Hirte\u201c und stellte das Wirken eines Priesters im Vergleich zum Wirken Jesu als der gute Hirte. In Erinnerung an Jesu Wort, schenkte Pfarrer Koller dem Pfarrvikar einen Hirtenstab.<\/p>\n\n\n\n<p>Im Anschluss an den Gottesdienst gratulierten die beiden Pfarrgemeinderatssprecherinnen \u2013 Frau Beate Tremmel f\u00fcr Schwarzach und Frau B\u00e4rbel Dietl f\u00fcr Perasdorf \u2013 ihrem Pfarrvikar f\u00fcr seinen priesterlichen Dienst und sein menschlich, humorvolles Wirken in beiden Gemeinden.<\/p>\n\n\n\n<p>Musikalisch umrahmt wurde der Gottesdienst von Anna Bielmeier auf der Orgel und Astrid Stierstorfer mit der Querfl\u00f6te.<\/p>\n\n\n\n<p>Text: Hans-J\u00fcrgen Koller<\/p>\n\n\n\n<p>Bild: (von P. Robert an der Kirchent\u00fcr) Hans-J\u00fcrgen Koller<\/p>\n\n\n\n<p>Bilder im Gottesdienst und Gruppenbild: Frau Beate Tremmel<\/p>\n\n\n\n<p><\/p>\n\n\n\n<figure class=\"wp-block-image size-large is-resized\"><img loading=\"lazy\" decoding=\"async\" width=\"768\" height=\"1024\" src=\"https:\/\/pfarrei-schwarzach-perasdorf.de\/wp-content\/uploads\/2025\/07\/4017d3ff-1922-4982-b3cd-65be9a4be3e6-768x1024.jpg\" alt=\"\" class=\"wp-image-2956\" style=\"width:604px;height:auto\" srcset=\"https:\/\/pfarrei-schwarzach-perasdorf.de\/wp-content\/uploads\/2025\/07\/4017d3ff-1922-4982-b3cd-65be9a4be3e6-768x1024.jpg 768w, https:\/\/pfarrei-schwarzach-perasdorf.de\/wp-content\/uploads\/2025\/07\/4017d3ff-1922-4982-b3cd-65be9a4be3e6-225x300.jpg 225w, https:\/\/pfarrei-schwarzach-perasdorf.de\/wp-content\/uploads\/2025\/07\/4017d3ff-1922-4982-b3cd-65be9a4be3e6-113x150.jpg 113w, https:\/\/pfarrei-schwarzach-perasdorf.de\/wp-content\/uploads\/2025\/07\/4017d3ff-1922-4982-b3cd-65be9a4be3e6-1152x1536.jpg 1152w, https:\/\/pfarrei-schwarzach-perasdorf.de\/wp-content\/uploads\/2025\/07\/4017d3ff-1922-4982-b3cd-65be9a4be3e6.jpg 1500w\" sizes=\"(max-width: 768px) 100vw, 768px\" \/><\/figure>\n\n\n\n<p>Pfarrvikar P. Robert<\/p>\n\n\n\n<p><\/p>\n\n\n\n<figure class=\"wp-block-image size-large is-resized\"><img loading=\"lazy\" decoding=\"async\" width=\"1024\" height=\"768\" src=\"https:\/\/pfarrei-schwarzach-perasdorf.de\/wp-content\/uploads\/2025\/07\/IMG_6812-1024x768.jpg\" alt=\"\" class=\"wp-image-2958\" style=\"width:621px;height:auto\" srcset=\"https:\/\/pfarrei-schwarzach-perasdorf.de\/wp-content\/uploads\/2025\/07\/IMG_6812-1024x768.jpg 1024w, https:\/\/pfarrei-schwarzach-perasdorf.de\/wp-content\/uploads\/2025\/07\/IMG_6812-300x225.jpg 300w, https:\/\/pfarrei-schwarzach-perasdorf.de\/wp-content\/uploads\/2025\/07\/IMG_6812-150x113.jpg 150w, https:\/\/pfarrei-schwarzach-perasdorf.de\/wp-content\/uploads\/2025\/07\/IMG_6812-768x576.jpg 768w, https:\/\/pfarrei-schwarzach-perasdorf.de\/wp-content\/uploads\/2025\/07\/IMG_6812-1536x1152.jpg 1536w, https:\/\/pfarrei-schwarzach-perasdorf.de\/wp-content\/uploads\/2025\/07\/IMG_6812.jpg 1984w\" sizes=\"(max-width: 1024px) 100vw, 1024px\" \/><\/figure>\n\n\n\n<p><\/p>\n\n\n\n<figure class=\"wp-block-image size-large is-resized\"><img loading=\"lazy\" decoding=\"async\" width=\"1024\" height=\"768\" src=\"https:\/\/pfarrei-schwarzach-perasdorf.de\/wp-content\/uploads\/2025\/07\/IMG_6811-1024x768.jpg\" alt=\"\" class=\"wp-image-2957\" style=\"width:619px;height:auto\" srcset=\"https:\/\/pfarrei-schwarzach-perasdorf.de\/wp-content\/uploads\/2025\/07\/IMG_6811-1024x768.jpg 1024w, https:\/\/pfarrei-schwarzach-perasdorf.de\/wp-content\/uploads\/2025\/07\/IMG_6811-300x225.jpg 300w, https:\/\/pfarrei-schwarzach-perasdorf.de\/wp-content\/uploads\/2025\/07\/IMG_6811-150x113.jpg 150w, https:\/\/pfarrei-schwarzach-perasdorf.de\/wp-content\/uploads\/2025\/07\/IMG_6811-768x576.jpg 768w, https:\/\/pfarrei-schwarzach-perasdorf.de\/wp-content\/uploads\/2025\/07\/IMG_6811-1536x1152.jpg 1536w, https:\/\/pfarrei-schwarzach-perasdorf.de\/wp-content\/uploads\/2025\/07\/IMG_6811.jpg 1984w\" sizes=\"(max-width: 1024px) 100vw, 1024px\" \/><\/figure>\n\n\n\n<p><\/p>\n\n\n\n<figure class=\"wp-block-image size-large is-resized\"><img loading=\"lazy\" decoding=\"async\" width=\"1024\" height=\"768\" src=\"https:\/\/pfarrei-schwarzach-perasdorf.de\/wp-content\/uploads\/2025\/07\/IMG_5707-1024x768.jpg\" alt=\"\" class=\"wp-image-2966\" style=\"width:621px;height:auto\" srcset=\"https:\/\/pfarrei-schwarzach-perasdorf.de\/wp-content\/uploads\/2025\/07\/IMG_5707-1024x768.jpg 1024w, https:\/\/pfarrei-schwarzach-perasdorf.de\/wp-content\/uploads\/2025\/07\/IMG_5707-300x225.jpg 300w, https:\/\/pfarrei-schwarzach-perasdorf.de\/wp-content\/uploads\/2025\/07\/IMG_5707-150x113.jpg 150w, https:\/\/pfarrei-schwarzach-perasdorf.de\/wp-content\/uploads\/2025\/07\/IMG_5707-768x576.jpg 768w, https:\/\/pfarrei-schwarzach-perasdorf.de\/wp-content\/uploads\/2025\/07\/IMG_5707-1536x1152.jpg 1536w, https:\/\/pfarrei-schwarzach-perasdorf.de\/wp-content\/uploads\/2025\/07\/IMG_5707-2048x1536.jpg 2048w\" sizes=\"(max-width: 1024px) 100vw, 1024px\" \/><\/figure>\n\n\n\n<p><\/p>\n\n\n\n<figure class=\"wp-block-image size-large is-resized\"><img loading=\"lazy\" decoding=\"async\" width=\"768\" height=\"1024\" src=\"https:\/\/pfarrei-schwarzach-perasdorf.de\/wp-content\/uploads\/2025\/07\/IMG_5710-768x1024.jpg\" alt=\"\" class=\"wp-image-2968\" style=\"width:625px;height:auto\" srcset=\"https:\/\/pfarrei-schwarzach-perasdorf.de\/wp-content\/uploads\/2025\/07\/IMG_5710-768x1024.jpg 768w, https:\/\/pfarrei-schwarzach-perasdorf.de\/wp-content\/uploads\/2025\/07\/IMG_5710-225x300.jpg 225w, https:\/\/pfarrei-schwarzach-perasdorf.de\/wp-content\/uploads\/2025\/07\/IMG_5710-113x150.jpg 113w, https:\/\/pfarrei-schwarzach-perasdorf.de\/wp-content\/uploads\/2025\/07\/IMG_5710-1152x1536.jpg 1152w, https:\/\/pfarrei-schwarzach-perasdorf.de\/wp-content\/uploads\/2025\/07\/IMG_5710-1536x2048.jpg 1536w, https:\/\/pfarrei-schwarzach-perasdorf.de\/wp-content\/uploads\/2025\/07\/IMG_5710-scaled.jpg 1920w\" sizes=\"(max-width: 768px) 100vw, 768px\" \/><\/figure>\n\n\n\n<p><\/p>\n\n\n\n<figure class=\"wp-block-image size-large is-resized\"><img loading=\"lazy\" decoding=\"async\" width=\"1024\" height=\"768\" src=\"https:\/\/pfarrei-schwarzach-perasdorf.de\/wp-content\/uploads\/2025\/07\/IMG_5725-1024x768.jpg\" alt=\"\" class=\"wp-image-2969\" style=\"width:626px;height:auto\" srcset=\"https:\/\/pfarrei-schwarzach-perasdorf.de\/wp-content\/uploads\/2025\/07\/IMG_5725-1024x768.jpg 1024w, https:\/\/pfarrei-schwarzach-perasdorf.de\/wp-content\/uploads\/2025\/07\/IMG_5725-300x225.jpg 300w, https:\/\/pfarrei-schwarzach-perasdorf.de\/wp-content\/uploads\/2025\/07\/IMG_5725-150x113.jpg 150w, https:\/\/pfarrei-schwarzach-perasdorf.de\/wp-content\/uploads\/2025\/07\/IMG_5725-768x576.jpg 768w, https:\/\/pfarrei-schwarzach-perasdorf.de\/wp-content\/uploads\/2025\/07\/IMG_5725-1536x1152.jpg 1536w, https:\/\/pfarrei-schwarzach-perasdorf.de\/wp-content\/uploads\/2025\/07\/IMG_5725-2048x1536.jpg 2048w\" sizes=\"(max-width: 1024px) 100vw, 1024px\" \/><\/figure>\n\n\n\n<p><\/p>\n\n\n\n<figure class=\"wp-block-image size-large is-resized\"><img loading=\"lazy\" decoding=\"async\" width=\"1024\" height=\"768\" src=\"https:\/\/pfarrei-schwarzach-perasdorf.de\/wp-content\/uploads\/2025\/07\/IMG_5740-1024x768.jpg\" alt=\"\" class=\"wp-image-2970\" style=\"width:628px;height:auto\" srcset=\"https:\/\/pfarrei-schwarzach-perasdorf.de\/wp-content\/uploads\/2025\/07\/IMG_5740-1024x768.jpg 1024w, https:\/\/pfarrei-schwarzach-perasdorf.de\/wp-content\/uploads\/2025\/07\/IMG_5740-300x225.jpg 300w, https:\/\/pfarrei-schwarzach-perasdorf.de\/wp-content\/uploads\/2025\/07\/IMG_5740-150x113.jpg 150w, https:\/\/pfarrei-schwarzach-perasdorf.de\/wp-content\/uploads\/2025\/07\/IMG_5740-768x576.jpg 768w, https:\/\/pfarrei-schwarzach-perasdorf.de\/wp-content\/uploads\/2025\/07\/IMG_5740-1536x1152.jpg 1536w, https:\/\/pfarrei-schwarzach-perasdorf.de\/wp-content\/uploads\/2025\/07\/IMG_5740-2048x1536.jpg 2048w\" sizes=\"(max-width: 1024px) 100vw, 1024px\" \/><\/figure>\n\n\n\n<p><\/p>\n\n\n\n<figure class=\"wp-block-image size-large is-resized\"><img loading=\"lazy\" decoding=\"async\" width=\"768\" height=\"1024\" src=\"https:\/\/pfarrei-schwarzach-perasdorf.de\/wp-content\/uploads\/2025\/07\/IMG_5754-768x1024.jpg\" alt=\"\" class=\"wp-image-2971\" style=\"width:631px;height:auto\" srcset=\"https:\/\/pfarrei-schwarzach-perasdorf.de\/wp-content\/uploads\/2025\/07\/IMG_5754-768x1024.jpg 768w, https:\/\/pfarrei-schwarzach-perasdorf.de\/wp-content\/uploads\/2025\/07\/IMG_5754-225x300.jpg 225w, https:\/\/pfarrei-schwarzach-perasdorf.de\/wp-content\/uploads\/2025\/07\/IMG_5754-113x150.jpg 113w, https:\/\/pfarrei-schwarzach-perasdorf.de\/wp-content\/uploads\/2025\/07\/IMG_5754-1152x1536.jpg 1152w, https:\/\/pfarrei-schwarzach-perasdorf.de\/wp-content\/uploads\/2025\/07\/IMG_5754-1536x2048.jpg 1536w, https:\/\/pfarrei-schwarzach-perasdorf.de\/wp-content\/uploads\/2025\/07\/IMG_5754-scaled.jpg 1920w\" sizes=\"(max-width: 768px) 100vw, 768px\" \/><\/figure>\n","protected":false},"excerpt":{"rendered":"<p>\u201eDer Geist GOTTES, des Herrn, ruht auf mir. Denn der HERR hat mich gesalbt; er hat mich gesandt, um den Armen frohe Botschaft zu bringen, um die zu heilen, die gebrochenen Herzens sind\u2026\u201c (Jes 61,1a) Die Pfarreiengemeinschaft Schwarzach-Perasdorf feierte am Sonntag, den 6. Juli 2025 das 25.-j\u00e4hrige Wirken als Ordenspriester von ihrem Pfarrvikar P. Robert. &#8230; <span class=\"more\"><a class=\"more-link\" href=\"https:\/\/pfarrei-schwarzach-perasdorf.de\/?p=2959\">[weiterlesen&#8230;]<\/a><\/span><\/p>\n","protected":false},"author":10,"featured_media":2956,"comment_status":"closed","ping_status":"closed","sticky":false,"template":"","format":"standard","meta":{"footnotes":""},"categories":[6],"tags":[],"_links":{"self":[{"href":"https:\/\/pfarrei-schwarzach-perasdorf.de\/index.php?rest_route=\/wp\/v2\/posts\/2959"}],"collection":[{"href":"https:\/\/pfarrei-schwarzach-perasdorf.de\/index.php?rest_route=\/wp\/v2\/posts"}],"about":[{"href":"https:\/\/pfarrei-schwarzach-perasdorf.de\/index.php?rest_route=\/wp\/v2\/types\/post"}],"author":[{"embeddable":true,"href":"https:\/\/pfarrei-schwarzach-perasdorf.de\/index.php?rest_route=\/wp\/v2\/users\/10"}],"replies":[{"embeddable":true,"href":"https:\/\/pfarrei-schwarzach-perasdorf.de\/index.php?rest_route=%2Fwp%2Fv2%2Fcomments&post=2959"}],"version-history":[{"count":3,"href":"https:\/\/pfarrei-schwarzach-perasdorf.de\/index.php?rest_route=\/wp\/v2\/posts\/2959\/revisions"}],"predecessor-version":[{"id":2972,"href":"https:\/\/pfarrei-schwarzach-perasdorf.de\/index.php?rest_route=\/wp\/v2\/posts\/2959\/revisions\/2972"}],"wp:featuredmedia":[{"embeddable":true,"href":"https:\/\/pfarrei-schwarzach-perasdorf.de\/index.php?rest_route=\/wp\/v2\/media\/2956"}],"wp:attachment":[{"href":"https:\/\/pfarrei-schwarzach-perasdorf.de\/index.php?rest_route=%2Fwp%2Fv2%2Fmedia&parent=2959"}],"wp:term":[{"taxonomy":"category","embeddable":true,"href":"https:\/\/pfarrei-schwarzach-perasdorf.de\/index.php?rest_route=%2Fwp%2Fv2%2Fcategories&post=2959"},{"taxonomy":"post_tag","embeddable":true,"href":"https:\/\/pfarrei-schwarzach-perasdorf.de\/index.php?rest_route=%2Fwp%2Fv2%2Ftags&post=2959"}],"curies":[{"name":"wp","href":"https:\/\/api.w.org\/{rel}","templated":true}]}}