{"id":2860,"date":"2025-06-10T21:33:54","date_gmt":"2025-06-10T19:33:54","guid":{"rendered":"https:\/\/pfarrei-schwarzach-perasdorf.de\/?p=2860"},"modified":"2025-06-10T21:35:41","modified_gmt":"2025-06-10T19:35:41","slug":"kinderbibeltag","status":"publish","type":"post","link":"https:\/\/pfarrei-schwarzach-perasdorf.de\/?p=2860","title":{"rendered":"Kinderbibeltag"},"content":{"rendered":"\n<p>Der Kinderbibeltag am 31. Mai war ein voller Erfolg. 21 Kinder durften sich auf vielf\u00e4ltige Weise mit dem Thema \u201aGottes sch\u00f6ne Sch\u00f6pfung\u2018 besch\u00e4ftigen und lernten so viel \u00fcber die erste Geschichte der Bibel kennen. Traumreise, basteln, malen, Kirche schm\u00fccken und vieles mehr stand auf der To-Do-Liste des Tages. Ein gesunder Pausensnack mit Obst und Gem\u00fcse durfte nat\u00fcrlich auch nicht fehlen.<\/p>\n\n\n\n<p>Bevor der Tag mit deinem Familiengottesdienst abgeschlossen wurde bei dem die Kinder mitgestalten durften, gab es noch einen kurzen Film zur Sch\u00f6pfungsgeschichte im Pfarrheim.<\/p>\n\n\n\n<p>Als Erinnerung an diesen Tag, durften viele gebastelte Dinge mit nach Hause genommen werden und hoffentlich bl\u00fchen bald in einigen G\u00e4rten, die Samen, die nach dem Gottesdienst an alle verteilt wurden.<\/p>\n\n\n\n<p>Danke sagen, m\u00f6chte ich allen Helferinnen, die diesen Tag m\u00f6glich gemacht haben!<\/p>\n\n\n\n<p>Text: Martin Bartlreiher<\/p>\n\n\n\n<p>Fotos: Martin Bartlreiher, Michaela Bartlreiher, Selina Dietl und Luisa Wagner<\/p>\n\n\n\n<p><\/p>\n\n\n\n<figure class=\"wp-block-image size-large is-resized\"><img loading=\"lazy\" decoding=\"async\" width=\"1024\" height=\"768\" src=\"https:\/\/pfarrei-schwarzach-perasdorf.de\/wp-content\/uploads\/2025\/06\/WhatsApp-Bild-2025-06-10-um-13.03.05_6b9b3fee-1024x768.jpg\" alt=\"\" class=\"wp-image-2872\" style=\"width:663px;height:auto\" srcset=\"https:\/\/pfarrei-schwarzach-perasdorf.de\/wp-content\/uploads\/2025\/06\/WhatsApp-Bild-2025-06-10-um-13.03.05_6b9b3fee-1024x768.jpg 1024w, https:\/\/pfarrei-schwarzach-perasdorf.de\/wp-content\/uploads\/2025\/06\/WhatsApp-Bild-2025-06-10-um-13.03.05_6b9b3fee-300x225.jpg 300w, https:\/\/pfarrei-schwarzach-perasdorf.de\/wp-content\/uploads\/2025\/06\/WhatsApp-Bild-2025-06-10-um-13.03.05_6b9b3fee-150x113.jpg 150w, https:\/\/pfarrei-schwarzach-perasdorf.de\/wp-content\/uploads\/2025\/06\/WhatsApp-Bild-2025-06-10-um-13.03.05_6b9b3fee-768x576.jpg 768w, https:\/\/pfarrei-schwarzach-perasdorf.de\/wp-content\/uploads\/2025\/06\/WhatsApp-Bild-2025-06-10-um-13.03.05_6b9b3fee-1536x1152.jpg 1536w, https:\/\/pfarrei-schwarzach-perasdorf.de\/wp-content\/uploads\/2025\/06\/WhatsApp-Bild-2025-06-10-um-13.03.05_6b9b3fee-2048x1536.jpg 2048w\" sizes=\"(max-width: 1024px) 100vw, 1024px\" \/><\/figure>\n\n\n\n<p><\/p>\n\n\n\n<figure class=\"wp-block-image size-large is-resized\"><img loading=\"lazy\" decoding=\"async\" width=\"1024\" height=\"768\" src=\"https:\/\/pfarrei-schwarzach-perasdorf.de\/wp-content\/uploads\/2025\/06\/WhatsApp-Bild-2025-06-10-um-13.54.49_5dc3f67b-1024x768.jpg\" alt=\"\" class=\"wp-image-2873\" style=\"width:664px;height:auto\" srcset=\"https:\/\/pfarrei-schwarzach-perasdorf.de\/wp-content\/uploads\/2025\/06\/WhatsApp-Bild-2025-06-10-um-13.54.49_5dc3f67b-1024x768.jpg 1024w, https:\/\/pfarrei-schwarzach-perasdorf.de\/wp-content\/uploads\/2025\/06\/WhatsApp-Bild-2025-06-10-um-13.54.49_5dc3f67b-300x225.jpg 300w, https:\/\/pfarrei-schwarzach-perasdorf.de\/wp-content\/uploads\/2025\/06\/WhatsApp-Bild-2025-06-10-um-13.54.49_5dc3f67b-150x113.jpg 150w, https:\/\/pfarrei-schwarzach-perasdorf.de\/wp-content\/uploads\/2025\/06\/WhatsApp-Bild-2025-06-10-um-13.54.49_5dc3f67b-768x576.jpg 768w, https:\/\/pfarrei-schwarzach-perasdorf.de\/wp-content\/uploads\/2025\/06\/WhatsApp-Bild-2025-06-10-um-13.54.49_5dc3f67b-1536x1152.jpg 1536w, https:\/\/pfarrei-schwarzach-perasdorf.de\/wp-content\/uploads\/2025\/06\/WhatsApp-Bild-2025-06-10-um-13.54.49_5dc3f67b-2048x1536.jpg 2048w\" sizes=\"(max-width: 1024px) 100vw, 1024px\" \/><\/figure>\n\n\n\n<p><\/p>\n\n\n\n<figure class=\"wp-block-image size-large is-resized\"><img loading=\"lazy\" decoding=\"async\" width=\"768\" height=\"1024\" src=\"https:\/\/pfarrei-schwarzach-perasdorf.de\/wp-content\/uploads\/2025\/06\/WhatsApp-Bild-2025-05-31-um-16.18.18_26732894-768x1024.jpg\" alt=\"\" class=\"wp-image-2861\" style=\"width:656px;height:auto\" srcset=\"https:\/\/pfarrei-schwarzach-perasdorf.de\/wp-content\/uploads\/2025\/06\/WhatsApp-Bild-2025-05-31-um-16.18.18_26732894-768x1024.jpg 768w, https:\/\/pfarrei-schwarzach-perasdorf.de\/wp-content\/uploads\/2025\/06\/WhatsApp-Bild-2025-05-31-um-16.18.18_26732894-225x300.jpg 225w, https:\/\/pfarrei-schwarzach-perasdorf.de\/wp-content\/uploads\/2025\/06\/WhatsApp-Bild-2025-05-31-um-16.18.18_26732894-113x150.jpg 113w, https:\/\/pfarrei-schwarzach-perasdorf.de\/wp-content\/uploads\/2025\/06\/WhatsApp-Bild-2025-05-31-um-16.18.18_26732894-1152x1536.jpg 1152w, https:\/\/pfarrei-schwarzach-perasdorf.de\/wp-content\/uploads\/2025\/06\/WhatsApp-Bild-2025-05-31-um-16.18.18_26732894.jpg 1200w\" sizes=\"(max-width: 768px) 100vw, 768px\" \/><\/figure>\n\n\n\n<p><\/p>\n\n\n\n<figure class=\"wp-block-image size-large is-resized\"><img loading=\"lazy\" decoding=\"async\" width=\"768\" height=\"1024\" src=\"https:\/\/pfarrei-schwarzach-perasdorf.de\/wp-content\/uploads\/2025\/06\/WhatsApp-Bild-2025-05-31-um-16.18.19_9090e3cf-768x1024.jpg\" alt=\"\" class=\"wp-image-2862\" style=\"width:657px;height:auto\" srcset=\"https:\/\/pfarrei-schwarzach-perasdorf.de\/wp-content\/uploads\/2025\/06\/WhatsApp-Bild-2025-05-31-um-16.18.19_9090e3cf-768x1024.jpg 768w, https:\/\/pfarrei-schwarzach-perasdorf.de\/wp-content\/uploads\/2025\/06\/WhatsApp-Bild-2025-05-31-um-16.18.19_9090e3cf-225x300.jpg 225w, https:\/\/pfarrei-schwarzach-perasdorf.de\/wp-content\/uploads\/2025\/06\/WhatsApp-Bild-2025-05-31-um-16.18.19_9090e3cf-113x150.jpg 113w, https:\/\/pfarrei-schwarzach-perasdorf.de\/wp-content\/uploads\/2025\/06\/WhatsApp-Bild-2025-05-31-um-16.18.19_9090e3cf-1152x1536.jpg 1152w, https:\/\/pfarrei-schwarzach-perasdorf.de\/wp-content\/uploads\/2025\/06\/WhatsApp-Bild-2025-05-31-um-16.18.19_9090e3cf.jpg 1200w\" sizes=\"(max-width: 768px) 100vw, 768px\" \/><\/figure>\n\n\n\n<p><\/p>\n\n\n\n<figure class=\"wp-block-image size-large is-resized\"><img loading=\"lazy\" decoding=\"async\" width=\"768\" height=\"1024\" src=\"https:\/\/pfarrei-schwarzach-perasdorf.de\/wp-content\/uploads\/2025\/06\/WhatsApp-Bild-2025-05-31-um-16.19.31_38b53fca-768x1024.jpg\" alt=\"\" class=\"wp-image-2866\" style=\"width:657px;height:auto\" srcset=\"https:\/\/pfarrei-schwarzach-perasdorf.de\/wp-content\/uploads\/2025\/06\/WhatsApp-Bild-2025-05-31-um-16.19.31_38b53fca-768x1024.jpg 768w, https:\/\/pfarrei-schwarzach-perasdorf.de\/wp-content\/uploads\/2025\/06\/WhatsApp-Bild-2025-05-31-um-16.19.31_38b53fca-225x300.jpg 225w, https:\/\/pfarrei-schwarzach-perasdorf.de\/wp-content\/uploads\/2025\/06\/WhatsApp-Bild-2025-05-31-um-16.19.31_38b53fca-113x150.jpg 113w, https:\/\/pfarrei-schwarzach-perasdorf.de\/wp-content\/uploads\/2025\/06\/WhatsApp-Bild-2025-05-31-um-16.19.31_38b53fca-1152x1536.jpg 1152w, https:\/\/pfarrei-schwarzach-perasdorf.de\/wp-content\/uploads\/2025\/06\/WhatsApp-Bild-2025-05-31-um-16.19.31_38b53fca.jpg 1536w\" sizes=\"(max-width: 768px) 100vw, 768px\" \/><\/figure>\n\n\n\n<p><\/p>\n\n\n\n<figure class=\"wp-block-image size-large is-resized\"><img loading=\"lazy\" decoding=\"async\" width=\"768\" height=\"1024\" src=\"https:\/\/pfarrei-schwarzach-perasdorf.de\/wp-content\/uploads\/2025\/06\/WhatsApp-Bild-2025-05-31-um-16.18.19_21170193-768x1024.jpg\" alt=\"\" class=\"wp-image-2863\" style=\"width:668px;height:auto\" srcset=\"https:\/\/pfarrei-schwarzach-perasdorf.de\/wp-content\/uploads\/2025\/06\/WhatsApp-Bild-2025-05-31-um-16.18.19_21170193-768x1024.jpg 768w, https:\/\/pfarrei-schwarzach-perasdorf.de\/wp-content\/uploads\/2025\/06\/WhatsApp-Bild-2025-05-31-um-16.18.19_21170193-225x300.jpg 225w, https:\/\/pfarrei-schwarzach-perasdorf.de\/wp-content\/uploads\/2025\/06\/WhatsApp-Bild-2025-05-31-um-16.18.19_21170193-113x150.jpg 113w, https:\/\/pfarrei-schwarzach-perasdorf.de\/wp-content\/uploads\/2025\/06\/WhatsApp-Bild-2025-05-31-um-16.18.19_21170193-1152x1536.jpg 1152w, https:\/\/pfarrei-schwarzach-perasdorf.de\/wp-content\/uploads\/2025\/06\/WhatsApp-Bild-2025-05-31-um-16.18.19_21170193.jpg 1200w\" sizes=\"(max-width: 768px) 100vw, 768px\" \/><\/figure>\n\n\n\n<p><\/p>\n\n\n\n<figure class=\"wp-block-image size-large is-resized\"><img loading=\"lazy\" decoding=\"async\" width=\"1024\" height=\"768\" src=\"https:\/\/pfarrei-schwarzach-perasdorf.de\/wp-content\/uploads\/2025\/06\/WhatsApp-Bild-2025-05-31-um-17.10.35_1393f028-1024x768.jpg\" alt=\"\" class=\"wp-image-2869\" style=\"width:670px;height:auto\" srcset=\"https:\/\/pfarrei-schwarzach-perasdorf.de\/wp-content\/uploads\/2025\/06\/WhatsApp-Bild-2025-05-31-um-17.10.35_1393f028-1024x768.jpg 1024w, https:\/\/pfarrei-schwarzach-perasdorf.de\/wp-content\/uploads\/2025\/06\/WhatsApp-Bild-2025-05-31-um-17.10.35_1393f028-300x225.jpg 300w, https:\/\/pfarrei-schwarzach-perasdorf.de\/wp-content\/uploads\/2025\/06\/WhatsApp-Bild-2025-05-31-um-17.10.35_1393f028-150x113.jpg 150w, https:\/\/pfarrei-schwarzach-perasdorf.de\/wp-content\/uploads\/2025\/06\/WhatsApp-Bild-2025-05-31-um-17.10.35_1393f028-768x576.jpg 768w, https:\/\/pfarrei-schwarzach-perasdorf.de\/wp-content\/uploads\/2025\/06\/WhatsApp-Bild-2025-05-31-um-17.10.35_1393f028-1536x1152.jpg 1536w, https:\/\/pfarrei-schwarzach-perasdorf.de\/wp-content\/uploads\/2025\/06\/WhatsApp-Bild-2025-05-31-um-17.10.35_1393f028.jpg 2048w\" sizes=\"(max-width: 1024px) 100vw, 1024px\" \/><\/figure>\n\n\n\n<p><\/p>\n\n\n\n<figure class=\"wp-block-image size-large is-resized\"><img loading=\"lazy\" decoding=\"async\" width=\"1024\" height=\"768\" src=\"https:\/\/pfarrei-schwarzach-perasdorf.de\/wp-content\/uploads\/2025\/06\/WhatsApp-Bild-2025-06-04-um-14.59.51_791cf71a-1024x768.jpg\" alt=\"\" class=\"wp-image-2870\" style=\"width:670px;height:auto\" srcset=\"https:\/\/pfarrei-schwarzach-perasdorf.de\/wp-content\/uploads\/2025\/06\/WhatsApp-Bild-2025-06-04-um-14.59.51_791cf71a-1024x768.jpg 1024w, https:\/\/pfarrei-schwarzach-perasdorf.de\/wp-content\/uploads\/2025\/06\/WhatsApp-Bild-2025-06-04-um-14.59.51_791cf71a-300x225.jpg 300w, https:\/\/pfarrei-schwarzach-perasdorf.de\/wp-content\/uploads\/2025\/06\/WhatsApp-Bild-2025-06-04-um-14.59.51_791cf71a-150x113.jpg 150w, https:\/\/pfarrei-schwarzach-perasdorf.de\/wp-content\/uploads\/2025\/06\/WhatsApp-Bild-2025-06-04-um-14.59.51_791cf71a-768x576.jpg 768w, https:\/\/pfarrei-schwarzach-perasdorf.de\/wp-content\/uploads\/2025\/06\/WhatsApp-Bild-2025-06-04-um-14.59.51_791cf71a-1536x1152.jpg 1536w, https:\/\/pfarrei-schwarzach-perasdorf.de\/wp-content\/uploads\/2025\/06\/WhatsApp-Bild-2025-06-04-um-14.59.51_791cf71a.jpg 2048w\" sizes=\"(max-width: 1024px) 100vw, 1024px\" \/><\/figure>\n\n\n\n<p><\/p>\n\n\n\n<figure class=\"wp-block-image size-large is-resized\"><img loading=\"lazy\" decoding=\"async\" width=\"768\" height=\"1024\" src=\"https:\/\/pfarrei-schwarzach-perasdorf.de\/wp-content\/uploads\/2025\/06\/WhatsApp-Bild-2025-05-31-um-16.19.29_aa49f60f-768x1024.jpg\" alt=\"\" class=\"wp-image-2865\" style=\"width:667px;height:auto\" srcset=\"https:\/\/pfarrei-schwarzach-perasdorf.de\/wp-content\/uploads\/2025\/06\/WhatsApp-Bild-2025-05-31-um-16.19.29_aa49f60f-768x1024.jpg 768w, https:\/\/pfarrei-schwarzach-perasdorf.de\/wp-content\/uploads\/2025\/06\/WhatsApp-Bild-2025-05-31-um-16.19.29_aa49f60f-225x300.jpg 225w, https:\/\/pfarrei-schwarzach-perasdorf.de\/wp-content\/uploads\/2025\/06\/WhatsApp-Bild-2025-05-31-um-16.19.29_aa49f60f-113x150.jpg 113w, https:\/\/pfarrei-schwarzach-perasdorf.de\/wp-content\/uploads\/2025\/06\/WhatsApp-Bild-2025-05-31-um-16.19.29_aa49f60f-1152x1536.jpg 1152w, https:\/\/pfarrei-schwarzach-perasdorf.de\/wp-content\/uploads\/2025\/06\/WhatsApp-Bild-2025-05-31-um-16.19.29_aa49f60f.jpg 1536w\" sizes=\"(max-width: 768px) 100vw, 768px\" \/><\/figure>\n\n\n\n<p><\/p>\n\n\n\n<figure class=\"wp-block-image size-large is-resized\"><img loading=\"lazy\" decoding=\"async\" width=\"1024\" height=\"768\" src=\"https:\/\/pfarrei-schwarzach-perasdorf.de\/wp-content\/uploads\/2025\/06\/WhatsApp-Bild-2025-06-04-um-14.59.53_369e761f-1024x768.jpg\" alt=\"\" class=\"wp-image-2871\" style=\"width:670px;height:auto\" srcset=\"https:\/\/pfarrei-schwarzach-perasdorf.de\/wp-content\/uploads\/2025\/06\/WhatsApp-Bild-2025-06-04-um-14.59.53_369e761f-1024x768.jpg 1024w, https:\/\/pfarrei-schwarzach-perasdorf.de\/wp-content\/uploads\/2025\/06\/WhatsApp-Bild-2025-06-04-um-14.59.53_369e761f-300x225.jpg 300w, https:\/\/pfarrei-schwarzach-perasdorf.de\/wp-content\/uploads\/2025\/06\/WhatsApp-Bild-2025-06-04-um-14.59.53_369e761f-150x113.jpg 150w, https:\/\/pfarrei-schwarzach-perasdorf.de\/wp-content\/uploads\/2025\/06\/WhatsApp-Bild-2025-06-04-um-14.59.53_369e761f-768x576.jpg 768w, https:\/\/pfarrei-schwarzach-perasdorf.de\/wp-content\/uploads\/2025\/06\/WhatsApp-Bild-2025-06-04-um-14.59.53_369e761f-1536x1152.jpg 1536w, https:\/\/pfarrei-schwarzach-perasdorf.de\/wp-content\/uploads\/2025\/06\/WhatsApp-Bild-2025-06-04-um-14.59.53_369e761f.jpg 2048w\" sizes=\"(max-width: 1024px) 100vw, 1024px\" \/><\/figure>\n\n\n\n<p><\/p>\n\n\n\n<figure class=\"wp-block-image size-large is-resized\"><img loading=\"lazy\" decoding=\"async\" width=\"768\" height=\"1024\" src=\"https:\/\/pfarrei-schwarzach-perasdorf.de\/wp-content\/uploads\/2025\/06\/WhatsApp-Bild-2025-05-31-um-16.19.32_195bfc88-768x1024.jpg\" alt=\"\" class=\"wp-image-2868\" style=\"width:671px;height:auto\" srcset=\"https:\/\/pfarrei-schwarzach-perasdorf.de\/wp-content\/uploads\/2025\/06\/WhatsApp-Bild-2025-05-31-um-16.19.32_195bfc88-768x1024.jpg 768w, https:\/\/pfarrei-schwarzach-perasdorf.de\/wp-content\/uploads\/2025\/06\/WhatsApp-Bild-2025-05-31-um-16.19.32_195bfc88-225x300.jpg 225w, https:\/\/pfarrei-schwarzach-perasdorf.de\/wp-content\/uploads\/2025\/06\/WhatsApp-Bild-2025-05-31-um-16.19.32_195bfc88-113x150.jpg 113w, https:\/\/pfarrei-schwarzach-perasdorf.de\/wp-content\/uploads\/2025\/06\/WhatsApp-Bild-2025-05-31-um-16.19.32_195bfc88-1152x1536.jpg 1152w, https:\/\/pfarrei-schwarzach-perasdorf.de\/wp-content\/uploads\/2025\/06\/WhatsApp-Bild-2025-05-31-um-16.19.32_195bfc88.jpg 1536w\" sizes=\"(max-width: 768px) 100vw, 768px\" \/><\/figure>\n","protected":false},"excerpt":{"rendered":"<p>Der Kinderbibeltag am 31. Mai war ein voller Erfolg. 21 Kinder durften sich auf vielf\u00e4ltige Weise mit dem Thema \u201aGottes sch\u00f6ne Sch\u00f6pfung\u2018 besch\u00e4ftigen und lernten so viel \u00fcber die erste Geschichte der Bibel kennen. Traumreise, basteln, malen, Kirche schm\u00fccken und vieles mehr stand auf der To-Do-Liste des Tages. Ein gesunder Pausensnack mit Obst und Gem\u00fcse &#8230; <span class=\"more\"><a class=\"more-link\" href=\"https:\/\/pfarrei-schwarzach-perasdorf.de\/?p=2860\">[weiterlesen&#8230;]<\/a><\/span><\/p>\n","protected":false},"author":10,"featured_media":2864,"comment_status":"closed","ping_status":"closed","sticky":false,"template":"","format":"standard","meta":{"footnotes":""},"categories":[6],"tags":[],"_links":{"self":[{"href":"https:\/\/pfarrei-schwarzach-perasdorf.de\/index.php?rest_route=\/wp\/v2\/posts\/2860"}],"collection":[{"href":"https:\/\/pfarrei-schwarzach-perasdorf.de\/index.php?rest_route=\/wp\/v2\/posts"}],"about":[{"href":"https:\/\/pfarrei-schwarzach-perasdorf.de\/index.php?rest_route=\/wp\/v2\/types\/post"}],"author":[{"embeddable":true,"href":"https:\/\/pfarrei-schwarzach-perasdorf.de\/index.php?rest_route=\/wp\/v2\/users\/10"}],"replies":[{"embeddable":true,"href":"https:\/\/pfarrei-schwarzach-perasdorf.de\/index.php?rest_route=%2Fwp%2Fv2%2Fcomments&post=2860"}],"version-history":[{"count":2,"href":"https:\/\/pfarrei-schwarzach-perasdorf.de\/index.php?rest_route=\/wp\/v2\/posts\/2860\/revisions"}],"predecessor-version":[{"id":2875,"href":"https:\/\/pfarrei-schwarzach-perasdorf.de\/index.php?rest_route=\/wp\/v2\/posts\/2860\/revisions\/2875"}],"wp:featuredmedia":[{"embeddable":true,"href":"https:\/\/pfarrei-schwarzach-perasdorf.de\/index.php?rest_route=\/wp\/v2\/media\/2864"}],"wp:attachment":[{"href":"https:\/\/pfarrei-schwarzach-perasdorf.de\/index.php?rest_route=%2Fwp%2Fv2%2Fmedia&parent=2860"}],"wp:term":[{"taxonomy":"category","embeddable":true,"href":"https:\/\/pfarrei-schwarzach-perasdorf.de\/index.php?rest_route=%2Fwp%2Fv2%2Fcategories&post=2860"},{"taxonomy":"post_tag","embeddable":true,"href":"https:\/\/pfarrei-schwarzach-perasdorf.de\/index.php?rest_route=%2Fwp%2Fv2%2Ftags&post=2860"}],"curies":[{"name":"wp","href":"https:\/\/api.w.org\/{rel}","templated":true}]}}