{"id":2858,"date":"2025-06-10T21:13:54","date_gmt":"2025-06-10T19:13:54","guid":{"rendered":"https:\/\/pfarrei-schwarzach-perasdorf.de\/?p=2858"},"modified":"2025-06-10T21:13:56","modified_gmt":"2025-06-10T19:13:56","slug":"kuchenverkauf-minis","status":"publish","type":"post","link":"https:\/\/pfarrei-schwarzach-perasdorf.de\/?p=2858","title":{"rendered":"Kuchen\u201cverkauf\u201c Minis"},"content":{"rendered":"\n<p>F\u00fcr die Pfingstfeiertage haben die Ministranten Kuchen gebacken, den sie anschlie\u00dfend nach den Gottesdiensten auf Spendenbasis ausgeteilt haben. Die Aktion kam bei den mitwirkenden Ministranten und auch bei der Pfarrei sehr gut an. Schnell fanden sich helfende H\u00e4nde, die den Kuchen backen und verteilen. An dieser Stelle m\u00f6chte ich danke sagen, an alle, die einen Kuchen gespendet haben und die Ministranten unterst\u00fctzt haben.<\/p>\n\n\n\n<p>Wir waren \u00fcberw\u00e4ltigt davon, wie gut diese Aktion ankam und konnten etwas mehr als 480\u20ac Spenden verzeichnen. Damit ist unser n\u00e4chster Ausflug, oder die Einrichtung unseres Miniraumes gut finanziert.<\/p>\n\n\n\n<p>Vergelt\u2019s Gott allen Unterst\u00fctzern, dass sie die Ministranten so sehr wertsch\u00e4tzen!<\/p>\n\n\n\n<p>Foto: Magdalena Geiger\u00a0\u00a0\u00a0\u00a0\u00a0\u00a0\u00a0\u00a0\u00a0\u00a0\u00a0\u00a0\u00a0 Text: Martin Bartlreiher<\/p>\n\n\n\n<p><\/p>\n\n\n\n<figure class=\"wp-block-image size-large is-resized\"><img loading=\"lazy\" decoding=\"async\" width=\"768\" height=\"1024\" src=\"https:\/\/pfarrei-schwarzach-perasdorf.de\/wp-content\/uploads\/2025\/06\/WhatsApp-Bild-2025-06-09-um-10.48.31_56d073e5-768x1024.jpg\" alt=\"\" class=\"wp-image-2857\" style=\"width:567px;height:auto\"\/><\/figure>\n","protected":false},"excerpt":{"rendered":"<p>F\u00fcr die Pfingstfeiertage haben die Ministranten Kuchen gebacken, den sie anschlie\u00dfend nach den Gottesdiensten auf Spendenbasis ausgeteilt haben. Die Aktion kam bei den mitwirkenden Ministranten und auch bei der Pfarrei sehr gut an. Schnell fanden sich helfende H\u00e4nde, die den Kuchen backen und verteilen. An dieser Stelle m\u00f6chte ich danke sagen, an alle, die einen &#8230; <span class=\"more\"><a class=\"more-link\" href=\"https:\/\/pfarrei-schwarzach-perasdorf.de\/?p=2858\">[weiterlesen&#8230;]<\/a><\/span><\/p>\n","protected":false},"author":10,"featured_media":2857,"comment_status":"closed","ping_status":"closed","sticky":false,"template":"","format":"standard","meta":{"footnotes":""},"categories":[6],"tags":[],"_links":{"self":[{"href":"https:\/\/pfarrei-schwarzach-perasdorf.de\/index.php?rest_route=\/wp\/v2\/posts\/2858"}],"collection":[{"href":"https:\/\/pfarrei-schwarzach-perasdorf.de\/index.php?rest_route=\/wp\/v2\/posts"}],"about":[{"href":"https:\/\/pfarrei-schwarzach-perasdorf.de\/index.php?rest_route=\/wp\/v2\/types\/post"}],"author":[{"embeddable":true,"href":"https:\/\/pfarrei-schwarzach-perasdorf.de\/index.php?rest_route=\/wp\/v2\/users\/10"}],"replies":[{"embeddable":true,"href":"https:\/\/pfarrei-schwarzach-perasdorf.de\/index.php?rest_route=%2Fwp%2Fv2%2Fcomments&post=2858"}],"version-history":[{"count":1,"href":"https:\/\/pfarrei-schwarzach-perasdorf.de\/index.php?rest_route=\/wp\/v2\/posts\/2858\/revisions"}],"predecessor-version":[{"id":2859,"href":"https:\/\/pfarrei-schwarzach-perasdorf.de\/index.php?rest_route=\/wp\/v2\/posts\/2858\/revisions\/2859"}],"wp:featuredmedia":[{"embeddable":true,"href":"https:\/\/pfarrei-schwarzach-perasdorf.de\/index.php?rest_route=\/wp\/v2\/media\/2857"}],"wp:attachment":[{"href":"https:\/\/pfarrei-schwarzach-perasdorf.de\/index.php?rest_route=%2Fwp%2Fv2%2Fmedia&parent=2858"}],"wp:term":[{"taxonomy":"category","embeddable":true,"href":"https:\/\/pfarrei-schwarzach-perasdorf.de\/index.php?rest_route=%2Fwp%2Fv2%2Fcategories&post=2858"},{"taxonomy":"post_tag","embeddable":true,"href":"https:\/\/pfarrei-schwarzach-perasdorf.de\/index.php?rest_route=%2Fwp%2Fv2%2Ftags&post=2858"}],"curies":[{"name":"wp","href":"https:\/\/api.w.org\/{rel}","templated":true}]}}