{"id":2850,"date":"2025-06-05T21:53:23","date_gmt":"2025-06-05T19:53:23","guid":{"rendered":"https:\/\/pfarrei-schwarzach-perasdorf.de\/?p=2850"},"modified":"2025-06-05T21:53:25","modified_gmt":"2025-06-05T19:53:25","slug":"kommunionausflug-und-dankefest","status":"publish","type":"post","link":"https:\/\/pfarrei-schwarzach-perasdorf.de\/?p=2850","title":{"rendered":"Kommunionausflug und Dankefest"},"content":{"rendered":"\n<p>Am Dienstag nach der Kommunion fand der traditionelle Kommunionausflug<br>statt. Mit dem Bus ging es zuerst nach Regensburg, wo uns eine<br>interessante Domf\u00fchrung erwartete.<br>Zum Mittagessen, war f\u00fcr uns in der Rittersch\u00e4nke Randeck reserviert, wo<br>wir unsere B\u00e4uche ordentlich f\u00fcllen konnten, damit wieder ausreichend<br>Energie f\u00fcr den Nachmittag zur Verf\u00fcgung stand.<br>Denn der Nachmittag stand unter dem Programm &#8218;Walderlebnis&#8216;. Im<br>Walderlebniszentrum in Sinzing wurden wir mitten in den Wald<br>mitgenommen, wo uns viele lustige und interessante Erlebnisspiele den<br>Wald n\u00e4herbrachten.<br>Zur\u00fcck in Schwarzach angekommen waren alle erledigt, aber auch tief<br>beeindruckt von allen Erlebnissen des Tages.<br>Ein paar Tage sp\u00e4ter durften wir am Freitag zu einem gem\u00fctlichen Fest im<br>Pfarrheimgarten zusammenkommen. Dort wurden die religi\u00f6sen<br>Kommuniongeschenke gesegnet und man konnte es sich bei W\u00fcrstchen,<br>Spielen und guten Gespr\u00e4chen gut gehen lassen.<br>Ganz herzlich m\u00f6chten wir uns nochmal bei allen Bedanken, die, in<br>welcher Weise auch immer Beigetragen haben, dass die Erstkommunion und<br>alles rundherum so gut gelingen konnte.<br>Den Kommunionkindern w\u00fcnschen wir, dass sie Jesus ihr ganzes Leben lang<br>als Freund behalten k\u00f6nnen.<br><br>Text: Martin Bartlreiher<br>Fotos: Michaela &amp; Martin Bartlreiher und Pfarrer Koller<\/p>\n\n\n\n<p><\/p>\n\n\n\n<figure class=\"wp-block-image size-large is-resized\"><img loading=\"lazy\" decoding=\"async\" width=\"1024\" height=\"768\" src=\"https:\/\/pfarrei-schwarzach-perasdorf.de\/wp-content\/uploads\/2025\/06\/EK-Ausflug-Pfarrer-1024x768.jpg\" alt=\"\" class=\"wp-image-2849\" style=\"width:596px;height:auto\" srcset=\"https:\/\/pfarrei-schwarzach-perasdorf.de\/wp-content\/uploads\/2025\/06\/EK-Ausflug-Pfarrer-1024x768.jpg 1024w, https:\/\/pfarrei-schwarzach-perasdorf.de\/wp-content\/uploads\/2025\/06\/EK-Ausflug-Pfarrer-300x225.jpg 300w, https:\/\/pfarrei-schwarzach-perasdorf.de\/wp-content\/uploads\/2025\/06\/EK-Ausflug-Pfarrer-150x113.jpg 150w, https:\/\/pfarrei-schwarzach-perasdorf.de\/wp-content\/uploads\/2025\/06\/EK-Ausflug-Pfarrer-768x576.jpg 768w, https:\/\/pfarrei-schwarzach-perasdorf.de\/wp-content\/uploads\/2025\/06\/EK-Ausflug-Pfarrer-1536x1152.jpg 1536w, https:\/\/pfarrei-schwarzach-perasdorf.de\/wp-content\/uploads\/2025\/06\/EK-Ausflug-Pfarrer.jpg 2000w\" sizes=\"(max-width: 1024px) 100vw, 1024px\" \/><\/figure>\n\n\n\n<p><\/p>\n\n\n\n<figure class=\"wp-block-image size-large is-resized\"><img loading=\"lazy\" decoding=\"async\" width=\"1024\" height=\"768\" src=\"https:\/\/pfarrei-schwarzach-perasdorf.de\/wp-content\/uploads\/2025\/06\/EK-Ausflug-Michaela-Bartlreiher-1024x768.jpg\" alt=\"\" class=\"wp-image-2848\" style=\"width:596px;height:auto\" srcset=\"https:\/\/pfarrei-schwarzach-perasdorf.de\/wp-content\/uploads\/2025\/06\/EK-Ausflug-Michaela-Bartlreiher-1024x768.jpg 1024w, https:\/\/pfarrei-schwarzach-perasdorf.de\/wp-content\/uploads\/2025\/06\/EK-Ausflug-Michaela-Bartlreiher-300x225.jpg 300w, https:\/\/pfarrei-schwarzach-perasdorf.de\/wp-content\/uploads\/2025\/06\/EK-Ausflug-Michaela-Bartlreiher-150x113.jpg 150w, https:\/\/pfarrei-schwarzach-perasdorf.de\/wp-content\/uploads\/2025\/06\/EK-Ausflug-Michaela-Bartlreiher-768x576.jpg 768w, https:\/\/pfarrei-schwarzach-perasdorf.de\/wp-content\/uploads\/2025\/06\/EK-Ausflug-Michaela-Bartlreiher-1536x1152.jpg 1536w, https:\/\/pfarrei-schwarzach-perasdorf.de\/wp-content\/uploads\/2025\/06\/EK-Ausflug-Michaela-Bartlreiher.jpg 2048w\" sizes=\"(max-width: 1024px) 100vw, 1024px\" \/><\/figure>\n\n\n\n<p><\/p>\n\n\n\n<figure class=\"wp-block-image size-large is-resized\"><img loading=\"lazy\" decoding=\"async\" width=\"1024\" height=\"768\" src=\"https:\/\/pfarrei-schwarzach-perasdorf.de\/wp-content\/uploads\/2025\/06\/EK-Ausflug-Martin-1024x768.jpg\" alt=\"\" class=\"wp-image-2847\" style=\"width:596px;height:auto\" srcset=\"https:\/\/pfarrei-schwarzach-perasdorf.de\/wp-content\/uploads\/2025\/06\/EK-Ausflug-Martin-1024x768.jpg 1024w, https:\/\/pfarrei-schwarzach-perasdorf.de\/wp-content\/uploads\/2025\/06\/EK-Ausflug-Martin-300x225.jpg 300w, https:\/\/pfarrei-schwarzach-perasdorf.de\/wp-content\/uploads\/2025\/06\/EK-Ausflug-Martin-150x113.jpg 150w, https:\/\/pfarrei-schwarzach-perasdorf.de\/wp-content\/uploads\/2025\/06\/EK-Ausflug-Martin-768x576.jpg 768w, https:\/\/pfarrei-schwarzach-perasdorf.de\/wp-content\/uploads\/2025\/06\/EK-Ausflug-Martin-1536x1152.jpg 1536w, https:\/\/pfarrei-schwarzach-perasdorf.de\/wp-content\/uploads\/2025\/06\/EK-Ausflug-Martin-2048x1536.jpg 2048w\" sizes=\"(max-width: 1024px) 100vw, 1024px\" \/><\/figure>\n\n\n\n<p><\/p>\n\n\n\n<figure class=\"wp-block-image size-large is-resized\"><img loading=\"lazy\" decoding=\"async\" width=\"1024\" height=\"768\" src=\"https:\/\/pfarrei-schwarzach-perasdorf.de\/wp-content\/uploads\/2025\/06\/Dankfest-Martin-1024x768.jpg\" alt=\"\" class=\"wp-image-2846\" style=\"width:594px;height:auto\" srcset=\"https:\/\/pfarrei-schwarzach-perasdorf.de\/wp-content\/uploads\/2025\/06\/Dankfest-Martin-1024x768.jpg 1024w, https:\/\/pfarrei-schwarzach-perasdorf.de\/wp-content\/uploads\/2025\/06\/Dankfest-Martin-300x225.jpg 300w, https:\/\/pfarrei-schwarzach-perasdorf.de\/wp-content\/uploads\/2025\/06\/Dankfest-Martin-150x113.jpg 150w, https:\/\/pfarrei-schwarzach-perasdorf.de\/wp-content\/uploads\/2025\/06\/Dankfest-Martin-768x576.jpg 768w, https:\/\/pfarrei-schwarzach-perasdorf.de\/wp-content\/uploads\/2025\/06\/Dankfest-Martin-1536x1152.jpg 1536w, https:\/\/pfarrei-schwarzach-perasdorf.de\/wp-content\/uploads\/2025\/06\/Dankfest-Martin-2048x1536.jpg 2048w\" sizes=\"(max-width: 1024px) 100vw, 1024px\" \/><\/figure>\n\n\n\n<p><\/p>\n\n\n\n<figure class=\"wp-block-image size-large is-resized\"><img loading=\"lazy\" decoding=\"async\" width=\"768\" height=\"1024\" src=\"https:\/\/pfarrei-schwarzach-perasdorf.de\/wp-content\/uploads\/2025\/06\/Dankfest-Martin-2-768x1024.jpg\" alt=\"\" class=\"wp-image-2845\" style=\"width:593px;height:auto\" srcset=\"https:\/\/pfarrei-schwarzach-perasdorf.de\/wp-content\/uploads\/2025\/06\/Dankfest-Martin-2-768x1024.jpg 768w, https:\/\/pfarrei-schwarzach-perasdorf.de\/wp-content\/uploads\/2025\/06\/Dankfest-Martin-2-225x300.jpg 225w, https:\/\/pfarrei-schwarzach-perasdorf.de\/wp-content\/uploads\/2025\/06\/Dankfest-Martin-2-113x150.jpg 113w, https:\/\/pfarrei-schwarzach-perasdorf.de\/wp-content\/uploads\/2025\/06\/Dankfest-Martin-2-1152x1536.jpg 1152w, https:\/\/pfarrei-schwarzach-perasdorf.de\/wp-content\/uploads\/2025\/06\/Dankfest-Martin-2-1536x2048.jpg 1536w, https:\/\/pfarrei-schwarzach-perasdorf.de\/wp-content\/uploads\/2025\/06\/Dankfest-Martin-2-scaled.jpg 1920w\" sizes=\"(max-width: 768px) 100vw, 768px\" \/><\/figure>\n","protected":false},"excerpt":{"rendered":"<p>Am Dienstag nach der Kommunion fand der traditionelle Kommunionausflugstatt. Mit dem Bus ging es zuerst nach Regensburg, wo uns eineinteressante Domf\u00fchrung erwartete.Zum Mittagessen, war f\u00fcr uns in der Rittersch\u00e4nke Randeck reserviert, wowir unsere B\u00e4uche ordentlich f\u00fcllen konnten, damit wieder ausreichendEnergie f\u00fcr den Nachmittag zur Verf\u00fcgung stand.Denn der Nachmittag stand unter dem Programm &#8218;Walderlebnis&#8216;. ImWalderlebniszentrum in &#8230; <span class=\"more\"><a class=\"more-link\" href=\"https:\/\/pfarrei-schwarzach-perasdorf.de\/?p=2850\">[weiterlesen&#8230;]<\/a><\/span><\/p>\n","protected":false},"author":10,"featured_media":0,"comment_status":"closed","ping_status":"closed","sticky":false,"template":"","format":"standard","meta":{"footnotes":""},"categories":[6],"tags":[],"_links":{"self":[{"href":"https:\/\/pfarrei-schwarzach-perasdorf.de\/index.php?rest_route=\/wp\/v2\/posts\/2850"}],"collection":[{"href":"https:\/\/pfarrei-schwarzach-perasdorf.de\/index.php?rest_route=\/wp\/v2\/posts"}],"about":[{"href":"https:\/\/pfarrei-schwarzach-perasdorf.de\/index.php?rest_route=\/wp\/v2\/types\/post"}],"author":[{"embeddable":true,"href":"https:\/\/pfarrei-schwarzach-perasdorf.de\/index.php?rest_route=\/wp\/v2\/users\/10"}],"replies":[{"embeddable":true,"href":"https:\/\/pfarrei-schwarzach-perasdorf.de\/index.php?rest_route=%2Fwp%2Fv2%2Fcomments&post=2850"}],"version-history":[{"count":1,"href":"https:\/\/pfarrei-schwarzach-perasdorf.de\/index.php?rest_route=\/wp\/v2\/posts\/2850\/revisions"}],"predecessor-version":[{"id":2851,"href":"https:\/\/pfarrei-schwarzach-perasdorf.de\/index.php?rest_route=\/wp\/v2\/posts\/2850\/revisions\/2851"}],"wp:attachment":[{"href":"https:\/\/pfarrei-schwarzach-perasdorf.de\/index.php?rest_route=%2Fwp%2Fv2%2Fmedia&parent=2850"}],"wp:term":[{"taxonomy":"category","embeddable":true,"href":"https:\/\/pfarrei-schwarzach-perasdorf.de\/index.php?rest_route=%2Fwp%2Fv2%2Fcategories&post=2850"},{"taxonomy":"post_tag","embeddable":true,"href":"https:\/\/pfarrei-schwarzach-perasdorf.de\/index.php?rest_route=%2Fwp%2Fv2%2Ftags&post=2850"}],"curies":[{"name":"wp","href":"https:\/\/api.w.org\/{rel}","templated":true}]}}