{"id":2830,"date":"2025-05-30T22:02:54","date_gmt":"2025-05-30T20:02:54","guid":{"rendered":"https:\/\/pfarrei-schwarzach-perasdorf.de\/?p=2830"},"modified":"2025-05-31T15:30:30","modified_gmt":"2025-05-31T13:30:30","slug":"bittet-und-es-wird-euch-gegeben-sucht-und-ihr-werdet-finden-klopft-an-und-es-wird-euch-geoeffnet-denn-wer-bittet-der-empfaengt-wer-sucht-der-findet-und-wer-anklopft-dem-wir-geoeffnet","status":"publish","type":"post","link":"https:\/\/pfarrei-schwarzach-perasdorf.de\/?p=2830","title":{"rendered":"\u201eBittet und es wird euch gegeben; sucht und ihr werdet finden; klopft an und es wird euch ge\u00f6ffnet! Denn wer bittet, der empf\u00e4ngt, wer sucht, der findet; und wer anklopft, dem wir ge\u00f6ffnet.\u201c"},"content":{"rendered":"\n<p>So lesen wir in der Bibel \u2013 genauer gesagt, im Evangelium nach Matth\u00e4us.<\/p>\n\n\n\n<p>Jesus l\u00e4dt uns zum Bittgebet ein \u2013 ja, er fordert uns gleichsam dazu auf.<\/p>\n\n\n\n<p>Vielerorts werden gerade die Tage vor Christi Himmelfahrt als sogenannte Bitttage und Bittprozessionen begangen \u2013 oft verbunden mit der Bitte f\u00fcr Feld, Garten und Wald, um eine gute Ernte.<\/p>\n\n\n\n<p>Die Tradition der Bitttage und Bittprozessionen geht bereits auf das 4. Jahrhundert zur\u00fcck, als in Rom eine gro\u00dfe Bittprozession \u00fcber die Felder am Markustag, &#8211; den 25. April \u2013 eingef\u00fchrt wurde.<\/p>\n\n\n\n<p>Im 5. Jahrhundert wurden nach einem Erdbeben und Missernten in S\u00fcdfrankreich \u2013 vorm damaligen Bischof in Vienne &#8211; die drei Tage vor Christi Himmelfahrt als sogenannte S\u00fchnetage angeordnet \u2013 die mit Fasten und Bittprozessionen verbunden waren.<\/p>\n\n\n\n<p>Dieser Brauch wurde im 8. Jahrhundert f\u00fcr die ganze r\u00f6mische Kirche \u00fcbernommen. Die Menschen baten Gott um seinen Segen, um Fruchtbarkeit f\u00fcr Feld und Flur, um Bewahrung vor Hagel, Frost und anderen Unwettern.<\/p>\n\n\n\n<p>Und was haben die Menschen in der mittelalterlichen Agrargesellschaft bittend und betend die H\u00e4nde gerungen! Im Fr\u00fchling, wenn alle Feldfr\u00fcchte zu wachsen begannen, galt es, gutes Wetter und gute Ernte herbeizuflehen. Denn Ernteausfall konnte gef\u00e4hrliche Hungersn\u00f6te nach sich ziehen. In Prozessionen und Bittg\u00e4ngen \u00fcber die Felder brachten die Menschen ihre Anliegen vor Gott. Die Worte Bitten und Beten geh\u00f6ren eng zusammen. Gebet wiederum umfasst immer auch das Danken. So spannt sich ein jahreszeitlicher Bogen von den Bittg\u00e4ngen im Fr\u00fchjahr bis hin zum Erntedankfest im Herbst.<\/p>\n\n\n\n<p>Heute muss bei uns niemand hungern, wenn es eine schlechte Ernte gibt. Doch wenn wir den Blick auf Weltregionen lenken, in denen \u00dcberfluss an Nahrungsmitteln weniger selbstverst\u00e4ndlich ist, bleibt die Bitte um das t\u00e4gliche Brot ungebrochen aktuell. Als Anlass, \u00fcber verantwortlichen Umgang mit der Sch\u00f6pfung und gerechtes Wirtschaften nachzudenken, gewinnen die Bitttage einen neuen Sinn.<\/p>\n\n\n\n<p>Katholiken in l\u00e4ndlichen Gegenden begehen die drei Bitttage unmittelbar vor Christi Himmelfahrt oft noch mit Flurumg\u00e4ngen \u00fcber die Felder. In der modernen Gesellschaft, in der die Landwirtschaft keine bestimmende Rolle mehr spielt, entstehen heue Formen, die Bitttage zu feiern. Allgemein wird um Gottes Segen f\u00fcr die Arbeit der H\u00e4nde gebetet \u2013 in dem Wissen, dass deren Gelinden nicht allein von der eigenen Anstrengung abh\u00e4ngt.<\/p>\n\n\n\n<p>Denn Christen vertrauen sich in frohen und schweren Stunden Gott an, von dem sie sich letztendlich getragen wissen. Im Gebet tragen sie ihm ihre Sorgen und die Not und Angst der ganzen Menschheit vor, im Bewusstsein, dass Gott letztendlich alles zum Guten f\u00fchren wird.<\/p>\n\n\n\n<p>Text: Pfarrer Hans-J\u00fcrgen Koller<\/p>\n\n\n\n<p>Fotos vom Bittgang aus Schwarzach, Kapelle B\u00fchel (von Nicole Schatt)<\/p>\n\n\n\n<figure class=\"wp-block-image size-large is-resized\"><img loading=\"lazy\" decoding=\"async\" width=\"1024\" height=\"768\" src=\"https:\/\/pfarrei-schwarzach-perasdorf.de\/wp-content\/uploads\/2025\/05\/4a7e2052-307a-49ad-be5c-1b3782dbf996-1024x768.jpg\" alt=\"\" class=\"wp-image-2826\" style=\"width:636px;height:auto\" srcset=\"https:\/\/pfarrei-schwarzach-perasdorf.de\/wp-content\/uploads\/2025\/05\/4a7e2052-307a-49ad-be5c-1b3782dbf996-1024x768.jpg 1024w, https:\/\/pfarrei-schwarzach-perasdorf.de\/wp-content\/uploads\/2025\/05\/4a7e2052-307a-49ad-be5c-1b3782dbf996-300x225.jpg 300w, https:\/\/pfarrei-schwarzach-perasdorf.de\/wp-content\/uploads\/2025\/05\/4a7e2052-307a-49ad-be5c-1b3782dbf996-150x113.jpg 150w, https:\/\/pfarrei-schwarzach-perasdorf.de\/wp-content\/uploads\/2025\/05\/4a7e2052-307a-49ad-be5c-1b3782dbf996-768x576.jpg 768w, https:\/\/pfarrei-schwarzach-perasdorf.de\/wp-content\/uploads\/2025\/05\/4a7e2052-307a-49ad-be5c-1b3782dbf996-1536x1152.jpg 1536w, https:\/\/pfarrei-schwarzach-perasdorf.de\/wp-content\/uploads\/2025\/05\/4a7e2052-307a-49ad-be5c-1b3782dbf996.jpg 1600w\" sizes=\"(max-width: 1024px) 100vw, 1024px\" \/><\/figure>\n\n\n\n<p><\/p>\n\n\n\n<figure class=\"wp-block-image size-large is-resized\"><img loading=\"lazy\" decoding=\"async\" width=\"1024\" height=\"768\" src=\"https:\/\/pfarrei-schwarzach-perasdorf.de\/wp-content\/uploads\/2025\/05\/2cfda859-d27e-4c37-864a-7638d0223cc7-1024x768.jpg\" alt=\"\" class=\"wp-image-2825\" style=\"width:636px;height:auto\" srcset=\"https:\/\/pfarrei-schwarzach-perasdorf.de\/wp-content\/uploads\/2025\/05\/2cfda859-d27e-4c37-864a-7638d0223cc7-1024x768.jpg 1024w, https:\/\/pfarrei-schwarzach-perasdorf.de\/wp-content\/uploads\/2025\/05\/2cfda859-d27e-4c37-864a-7638d0223cc7-300x225.jpg 300w, https:\/\/pfarrei-schwarzach-perasdorf.de\/wp-content\/uploads\/2025\/05\/2cfda859-d27e-4c37-864a-7638d0223cc7-150x113.jpg 150w, https:\/\/pfarrei-schwarzach-perasdorf.de\/wp-content\/uploads\/2025\/05\/2cfda859-d27e-4c37-864a-7638d0223cc7-768x576.jpg 768w, https:\/\/pfarrei-schwarzach-perasdorf.de\/wp-content\/uploads\/2025\/05\/2cfda859-d27e-4c37-864a-7638d0223cc7-1536x1152.jpg 1536w, https:\/\/pfarrei-schwarzach-perasdorf.de\/wp-content\/uploads\/2025\/05\/2cfda859-d27e-4c37-864a-7638d0223cc7.jpg 1600w\" sizes=\"(max-width: 1024px) 100vw, 1024px\" \/><\/figure>\n\n\n\n<p><\/p>\n\n\n\n<figure class=\"wp-block-image size-large is-resized\"><img loading=\"lazy\" decoding=\"async\" width=\"768\" height=\"1024\" src=\"https:\/\/pfarrei-schwarzach-perasdorf.de\/wp-content\/uploads\/2025\/05\/6696cdfc-2f67-45d8-9fcd-f67e1e43afdb-768x1024.jpg\" alt=\"\" class=\"wp-image-2827\" style=\"width:638px;height:auto\" srcset=\"https:\/\/pfarrei-schwarzach-perasdorf.de\/wp-content\/uploads\/2025\/05\/6696cdfc-2f67-45d8-9fcd-f67e1e43afdb-768x1024.jpg 768w, https:\/\/pfarrei-schwarzach-perasdorf.de\/wp-content\/uploads\/2025\/05\/6696cdfc-2f67-45d8-9fcd-f67e1e43afdb-225x300.jpg 225w, https:\/\/pfarrei-schwarzach-perasdorf.de\/wp-content\/uploads\/2025\/05\/6696cdfc-2f67-45d8-9fcd-f67e1e43afdb-113x150.jpg 113w, https:\/\/pfarrei-schwarzach-perasdorf.de\/wp-content\/uploads\/2025\/05\/6696cdfc-2f67-45d8-9fcd-f67e1e43afdb-1152x1536.jpg 1152w, https:\/\/pfarrei-schwarzach-perasdorf.de\/wp-content\/uploads\/2025\/05\/6696cdfc-2f67-45d8-9fcd-f67e1e43afdb.jpg 1200w\" sizes=\"(max-width: 768px) 100vw, 768px\" \/><\/figure>\n\n\n\n<p><\/p>\n\n\n\n<figure class=\"wp-block-image size-large is-resized\"><img loading=\"lazy\" decoding=\"async\" width=\"1024\" height=\"768\" src=\"https:\/\/pfarrei-schwarzach-perasdorf.de\/wp-content\/uploads\/2025\/05\/d191fb7e-bf76-4e92-b8b4-fd1db541c0a4-1024x768.jpg\" alt=\"\" class=\"wp-image-2828\" style=\"width:640px;height:auto\" srcset=\"https:\/\/pfarrei-schwarzach-perasdorf.de\/wp-content\/uploads\/2025\/05\/d191fb7e-bf76-4e92-b8b4-fd1db541c0a4-1024x768.jpg 1024w, https:\/\/pfarrei-schwarzach-perasdorf.de\/wp-content\/uploads\/2025\/05\/d191fb7e-bf76-4e92-b8b4-fd1db541c0a4-300x225.jpg 300w, https:\/\/pfarrei-schwarzach-perasdorf.de\/wp-content\/uploads\/2025\/05\/d191fb7e-bf76-4e92-b8b4-fd1db541c0a4-150x113.jpg 150w, https:\/\/pfarrei-schwarzach-perasdorf.de\/wp-content\/uploads\/2025\/05\/d191fb7e-bf76-4e92-b8b4-fd1db541c0a4-768x576.jpg 768w, https:\/\/pfarrei-schwarzach-perasdorf.de\/wp-content\/uploads\/2025\/05\/d191fb7e-bf76-4e92-b8b4-fd1db541c0a4-1536x1152.jpg 1536w, https:\/\/pfarrei-schwarzach-perasdorf.de\/wp-content\/uploads\/2025\/05\/d191fb7e-bf76-4e92-b8b4-fd1db541c0a4.jpg 1600w\" sizes=\"(max-width: 1024px) 100vw, 1024px\" \/><\/figure>\n\n\n\n<p><\/p>\n\n\n\n<p><\/p>\n\n\n\n<p>Fotos aus Perasdorf (von Pfarrer Koller)<\/p>\n\n\n\n<figure class=\"wp-block-image size-large is-resized\"><img loading=\"lazy\" decoding=\"async\" width=\"768\" height=\"1024\" src=\"https:\/\/pfarrei-schwarzach-perasdorf.de\/wp-content\/uploads\/2025\/05\/7570f7fc-8fb4-4c5d-b864-48c3e3ccb5b8-768x1024.jpg\" alt=\"\" class=\"wp-image-2835\" style=\"width:635px;height:auto\" srcset=\"https:\/\/pfarrei-schwarzach-perasdorf.de\/wp-content\/uploads\/2025\/05\/7570f7fc-8fb4-4c5d-b864-48c3e3ccb5b8-768x1024.jpg 768w, https:\/\/pfarrei-schwarzach-perasdorf.de\/wp-content\/uploads\/2025\/05\/7570f7fc-8fb4-4c5d-b864-48c3e3ccb5b8-225x300.jpg 225w, https:\/\/pfarrei-schwarzach-perasdorf.de\/wp-content\/uploads\/2025\/05\/7570f7fc-8fb4-4c5d-b864-48c3e3ccb5b8-113x150.jpg 113w, https:\/\/pfarrei-schwarzach-perasdorf.de\/wp-content\/uploads\/2025\/05\/7570f7fc-8fb4-4c5d-b864-48c3e3ccb5b8-1152x1536.jpg 1152w, https:\/\/pfarrei-schwarzach-perasdorf.de\/wp-content\/uploads\/2025\/05\/7570f7fc-8fb4-4c5d-b864-48c3e3ccb5b8.jpg 1500w\" sizes=\"(max-width: 768px) 100vw, 768px\" \/><\/figure>\n\n\n\n<p><\/p>\n\n\n\n<figure class=\"wp-block-image size-large is-resized\"><img loading=\"lazy\" decoding=\"async\" width=\"768\" height=\"1024\" src=\"https:\/\/pfarrei-schwarzach-perasdorf.de\/wp-content\/uploads\/2025\/05\/b65f4d57-1867-48b4-879c-e3a58459d999-768x1024.jpg\" alt=\"\" class=\"wp-image-2838\" style=\"width:633px;height:auto\" srcset=\"https:\/\/pfarrei-schwarzach-perasdorf.de\/wp-content\/uploads\/2025\/05\/b65f4d57-1867-48b4-879c-e3a58459d999-768x1024.jpg 768w, https:\/\/pfarrei-schwarzach-perasdorf.de\/wp-content\/uploads\/2025\/05\/b65f4d57-1867-48b4-879c-e3a58459d999-225x300.jpg 225w, https:\/\/pfarrei-schwarzach-perasdorf.de\/wp-content\/uploads\/2025\/05\/b65f4d57-1867-48b4-879c-e3a58459d999-113x150.jpg 113w, https:\/\/pfarrei-schwarzach-perasdorf.de\/wp-content\/uploads\/2025\/05\/b65f4d57-1867-48b4-879c-e3a58459d999-1152x1536.jpg 1152w, https:\/\/pfarrei-schwarzach-perasdorf.de\/wp-content\/uploads\/2025\/05\/b65f4d57-1867-48b4-879c-e3a58459d999.jpg 1500w\" sizes=\"(max-width: 768px) 100vw, 768px\" \/><\/figure>\n\n\n\n<p><\/p>\n\n\n\n<figure class=\"wp-block-image size-large is-resized\"><img loading=\"lazy\" decoding=\"async\" width=\"768\" height=\"1024\" src=\"https:\/\/pfarrei-schwarzach-perasdorf.de\/wp-content\/uploads\/2025\/05\/e0d1fbef-99c3-4fcb-b170-ffe1d5a0af74-768x1024.jpg\" alt=\"\" class=\"wp-image-2839\" style=\"width:634px;height:auto\" srcset=\"https:\/\/pfarrei-schwarzach-perasdorf.de\/wp-content\/uploads\/2025\/05\/e0d1fbef-99c3-4fcb-b170-ffe1d5a0af74-768x1024.jpg 768w, https:\/\/pfarrei-schwarzach-perasdorf.de\/wp-content\/uploads\/2025\/05\/e0d1fbef-99c3-4fcb-b170-ffe1d5a0af74-225x300.jpg 225w, https:\/\/pfarrei-schwarzach-perasdorf.de\/wp-content\/uploads\/2025\/05\/e0d1fbef-99c3-4fcb-b170-ffe1d5a0af74-113x150.jpg 113w, https:\/\/pfarrei-schwarzach-perasdorf.de\/wp-content\/uploads\/2025\/05\/e0d1fbef-99c3-4fcb-b170-ffe1d5a0af74-1152x1536.jpg 1152w, https:\/\/pfarrei-schwarzach-perasdorf.de\/wp-content\/uploads\/2025\/05\/e0d1fbef-99c3-4fcb-b170-ffe1d5a0af74.jpg 1500w\" sizes=\"(max-width: 768px) 100vw, 768px\" \/><\/figure>\n\n\n\n<p><\/p>\n\n\n\n<figure class=\"wp-block-image size-large is-resized\"><img loading=\"lazy\" decoding=\"async\" width=\"768\" height=\"1024\" src=\"https:\/\/pfarrei-schwarzach-perasdorf.de\/wp-content\/uploads\/2025\/05\/56b9b374-3c1b-4377-8539-7ebde721acfd-768x1024.jpg\" alt=\"\" class=\"wp-image-2833\" style=\"width:635px;height:auto\" srcset=\"https:\/\/pfarrei-schwarzach-perasdorf.de\/wp-content\/uploads\/2025\/05\/56b9b374-3c1b-4377-8539-7ebde721acfd-768x1024.jpg 768w, https:\/\/pfarrei-schwarzach-perasdorf.de\/wp-content\/uploads\/2025\/05\/56b9b374-3c1b-4377-8539-7ebde721acfd-225x300.jpg 225w, https:\/\/pfarrei-schwarzach-perasdorf.de\/wp-content\/uploads\/2025\/05\/56b9b374-3c1b-4377-8539-7ebde721acfd-113x150.jpg 113w, https:\/\/pfarrei-schwarzach-perasdorf.de\/wp-content\/uploads\/2025\/05\/56b9b374-3c1b-4377-8539-7ebde721acfd-1152x1536.jpg 1152w, https:\/\/pfarrei-schwarzach-perasdorf.de\/wp-content\/uploads\/2025\/05\/56b9b374-3c1b-4377-8539-7ebde721acfd.jpg 1500w\" sizes=\"(max-width: 768px) 100vw, 768px\" \/><\/figure>\n\n\n\n<p><\/p>\n\n\n\n<figure class=\"wp-block-image size-large is-resized\"><img loading=\"lazy\" decoding=\"async\" width=\"768\" height=\"1024\" src=\"https:\/\/pfarrei-schwarzach-perasdorf.de\/wp-content\/uploads\/2025\/05\/275412ec-af22-4f3b-a136-b82a2a6a942d-768x1024.jpg\" alt=\"\" class=\"wp-image-2837\" style=\"width:636px;height:auto\" srcset=\"https:\/\/pfarrei-schwarzach-perasdorf.de\/wp-content\/uploads\/2025\/05\/275412ec-af22-4f3b-a136-b82a2a6a942d-768x1024.jpg 768w, https:\/\/pfarrei-schwarzach-perasdorf.de\/wp-content\/uploads\/2025\/05\/275412ec-af22-4f3b-a136-b82a2a6a942d-225x300.jpg 225w, https:\/\/pfarrei-schwarzach-perasdorf.de\/wp-content\/uploads\/2025\/05\/275412ec-af22-4f3b-a136-b82a2a6a942d-113x150.jpg 113w, https:\/\/pfarrei-schwarzach-perasdorf.de\/wp-content\/uploads\/2025\/05\/275412ec-af22-4f3b-a136-b82a2a6a942d-1152x1536.jpg 1152w, https:\/\/pfarrei-schwarzach-perasdorf.de\/wp-content\/uploads\/2025\/05\/275412ec-af22-4f3b-a136-b82a2a6a942d.jpg 1500w\" sizes=\"(max-width: 768px) 100vw, 768px\" \/><\/figure>\n\n\n\n<p><\/p>\n","protected":false},"excerpt":{"rendered":"<p>So lesen wir in der Bibel \u2013 genauer gesagt, im Evangelium nach Matth\u00e4us. Jesus l\u00e4dt uns zum Bittgebet ein \u2013 ja, er fordert uns gleichsam dazu auf. Vielerorts werden gerade die Tage vor Christi Himmelfahrt als sogenannte Bitttage und Bittprozessionen begangen \u2013 oft verbunden mit der Bitte f\u00fcr Feld, Garten und Wald, um eine gute &#8230; <span class=\"more\"><a class=\"more-link\" href=\"https:\/\/pfarrei-schwarzach-perasdorf.de\/?p=2830\">[weiterlesen&#8230;]<\/a><\/span><\/p>\n","protected":false},"author":10,"featured_media":0,"comment_status":"closed","ping_status":"closed","sticky":false,"template":"","format":"standard","meta":{"footnotes":""},"categories":[6],"tags":[],"_links":{"self":[{"href":"https:\/\/pfarrei-schwarzach-perasdorf.de\/index.php?rest_route=\/wp\/v2\/posts\/2830"}],"collection":[{"href":"https:\/\/pfarrei-schwarzach-perasdorf.de\/index.php?rest_route=\/wp\/v2\/posts"}],"about":[{"href":"https:\/\/pfarrei-schwarzach-perasdorf.de\/index.php?rest_route=\/wp\/v2\/types\/post"}],"author":[{"embeddable":true,"href":"https:\/\/pfarrei-schwarzach-perasdorf.de\/index.php?rest_route=\/wp\/v2\/users\/10"}],"replies":[{"embeddable":true,"href":"https:\/\/pfarrei-schwarzach-perasdorf.de\/index.php?rest_route=%2Fwp%2Fv2%2Fcomments&post=2830"}],"version-history":[{"count":4,"href":"https:\/\/pfarrei-schwarzach-perasdorf.de\/index.php?rest_route=\/wp\/v2\/posts\/2830\/revisions"}],"predecessor-version":[{"id":2843,"href":"https:\/\/pfarrei-schwarzach-perasdorf.de\/index.php?rest_route=\/wp\/v2\/posts\/2830\/revisions\/2843"}],"wp:attachment":[{"href":"https:\/\/pfarrei-schwarzach-perasdorf.de\/index.php?rest_route=%2Fwp%2Fv2%2Fmedia&parent=2830"}],"wp:term":[{"taxonomy":"category","embeddable":true,"href":"https:\/\/pfarrei-schwarzach-perasdorf.de\/index.php?rest_route=%2Fwp%2Fv2%2Fcategories&post=2830"},{"taxonomy":"post_tag","embeddable":true,"href":"https:\/\/pfarrei-schwarzach-perasdorf.de\/index.php?rest_route=%2Fwp%2Fv2%2Ftags&post=2830"}],"curies":[{"name":"wp","href":"https:\/\/api.w.org\/{rel}","templated":true}]}}