{"id":2807,"date":"2025-05-26T22:11:40","date_gmt":"2025-05-26T20:11:40","guid":{"rendered":"https:\/\/pfarrei-schwarzach-perasdorf.de\/?p=2807"},"modified":"2025-05-26T22:11:43","modified_gmt":"2025-05-26T20:11:43","slug":"rueckblick-auf-10-jahre-solibrotaktion","status":"publish","type":"post","link":"https:\/\/pfarrei-schwarzach-perasdorf.de\/?p=2807","title":{"rendered":"R\u00fcckblick auf 10 Jahre Solibrotaktion"},"content":{"rendered":"\n<p>Die Solibrotaktion ist inzwischen ein festes Angebot in Schwarzach. Seit zehn Jahren bem\u00fcht sich der Frauenbund Schwarzach-Perasdorf darum, verschiedene Misereorprojekte zu unterst\u00fctzen und nebenbei den Kunden gesundes handwerklich produziertes Brot anzubieten. Dazu ist die Kooperation mit einer B\u00e4ckerei n\u00f6tig. Anfangs mit Unterst\u00fctzung durch die B\u00e4ckerei Finkl, seit acht Jahren mit der B\u00e4ckerei Edenhofer gibt es in der Fastenzeit ein spezielles Vollkornbrot, das eigens f\u00fcr die Solibrotaktion kreiert wurde. Viele Kunden warten immer schon voller Vorfreude auf das schmackhafte Backwerk.<\/p>\n\n\n\n<p>In den zehn Jahren konnten weltweit Projekte unterst\u00fctzt werden, mit brennenden Themen wie Genitalverst\u00fcmmelung, Kinderarbeit, Frauensolidarit\u00e4t oder Menschen mit Behinderung. In den zehn Jahren konnten insgesamt 4.565 \u20ac \u00fcberwiesen werden. Ca. 3.600 Brote konnten verkauft und zus\u00e4tzliche Spenden gesammelt werden. Auch in Zeiten von Einschr\u00e4nkungen durch Corona, wirtschaftlichem R\u00fcckgang und massiven Preissteigerungen waren die Schwarzacher und Perasdorfer bereit an Mitmenschen zu denken, denen es noch schlechter geht. Ihnen, den beteiligten B\u00e4ckereien und allen Unterst\u00fctzern gilt gro\u00dfer Dank im Namen des Frauenbundes.<\/p>\n\n\n\n<p>2017<\/p>\n\n\n\n<figure class=\"wp-block-image size-full is-resized\"><img loading=\"lazy\" decoding=\"async\" width=\"988\" height=\"741\" src=\"https:\/\/pfarrei-schwarzach-perasdorf.de\/wp-content\/uploads\/2025\/05\/2017.jpg\" alt=\"\" class=\"wp-image-2808\" style=\"width:764px;height:auto\" srcset=\"https:\/\/pfarrei-schwarzach-perasdorf.de\/wp-content\/uploads\/2025\/05\/2017.jpg 988w, https:\/\/pfarrei-schwarzach-perasdorf.de\/wp-content\/uploads\/2025\/05\/2017-300x225.jpg 300w, https:\/\/pfarrei-schwarzach-perasdorf.de\/wp-content\/uploads\/2025\/05\/2017-150x113.jpg 150w, https:\/\/pfarrei-schwarzach-perasdorf.de\/wp-content\/uploads\/2025\/05\/2017-768x576.jpg 768w\" sizes=\"(max-width: 988px) 100vw, 988px\" \/><\/figure>\n\n\n\n<p><a>v.l.: Frau Maria Eibauer, Christa Obermeier (beide KDFB), Birgit Finkl, Pfarrer Alfons Dirscherl<\/a><\/p>\n\n\n\n<p>2018<\/p>\n\n\n\n<figure class=\"wp-block-image size-large is-resized\"><img loading=\"lazy\" decoding=\"async\" width=\"1024\" height=\"680\" src=\"https:\/\/pfarrei-schwarzach-perasdorf.de\/wp-content\/uploads\/2025\/05\/2018-1024x680.jpg\" alt=\"\" class=\"wp-image-2809\" style=\"width:775px;height:auto\" srcset=\"https:\/\/pfarrei-schwarzach-perasdorf.de\/wp-content\/uploads\/2025\/05\/2018-1024x680.jpg 1024w, https:\/\/pfarrei-schwarzach-perasdorf.de\/wp-content\/uploads\/2025\/05\/2018-300x199.jpg 300w, https:\/\/pfarrei-schwarzach-perasdorf.de\/wp-content\/uploads\/2025\/05\/2018-150x100.jpg 150w, https:\/\/pfarrei-schwarzach-perasdorf.de\/wp-content\/uploads\/2025\/05\/2018-768x510.jpg 768w, https:\/\/pfarrei-schwarzach-perasdorf.de\/wp-content\/uploads\/2025\/05\/2018.jpg 1244w\" sizes=\"(max-width: 1024px) 100vw, 1024px\" \/><\/figure>\n\n\n\n<p>v.l.: Frau Maria Eibauer(KDFB), Erich Trautinger-Edenhofer, Christa Obermeier (KDFB),<\/p>\n\n\n\n<p>2019<\/p>\n\n\n\n<figure class=\"wp-block-image size-large is-resized\"><img loading=\"lazy\" decoding=\"async\" width=\"1024\" height=\"682\" src=\"https:\/\/pfarrei-schwarzach-perasdorf.de\/wp-content\/uploads\/2025\/05\/2019-1024x682.jpg\" alt=\"\" class=\"wp-image-2810\" style=\"width:785px;height:auto\" srcset=\"https:\/\/pfarrei-schwarzach-perasdorf.de\/wp-content\/uploads\/2025\/05\/2019-1024x682.jpg 1024w, https:\/\/pfarrei-schwarzach-perasdorf.de\/wp-content\/uploads\/2025\/05\/2019-300x200.jpg 300w, https:\/\/pfarrei-schwarzach-perasdorf.de\/wp-content\/uploads\/2025\/05\/2019-150x100.jpg 150w, https:\/\/pfarrei-schwarzach-perasdorf.de\/wp-content\/uploads\/2025\/05\/2019-768x511.jpg 768w, https:\/\/pfarrei-schwarzach-perasdorf.de\/wp-content\/uploads\/2025\/05\/2019.jpg 1386w\" sizes=\"(max-width: 1024px) 100vw, 1024px\" \/><\/figure>\n\n\n\n<p><a>v.l.:Christa Obermeier (KDFB), Maximillian-Edenhofer, Pfarrer Alfons Dirscherl<\/a><\/p>\n\n\n\n<p>2020<\/p>\n\n\n\n<figure class=\"wp-block-image size-large is-resized\"><img loading=\"lazy\" decoding=\"async\" width=\"1024\" height=\"682\" src=\"https:\/\/pfarrei-schwarzach-perasdorf.de\/wp-content\/uploads\/2025\/05\/2020-1024x682.jpg\" alt=\"\" class=\"wp-image-2811\" style=\"width:792px;height:auto\" srcset=\"https:\/\/pfarrei-schwarzach-perasdorf.de\/wp-content\/uploads\/2025\/05\/2020-1024x682.jpg 1024w, https:\/\/pfarrei-schwarzach-perasdorf.de\/wp-content\/uploads\/2025\/05\/2020-300x200.jpg 300w, https:\/\/pfarrei-schwarzach-perasdorf.de\/wp-content\/uploads\/2025\/05\/2020-150x100.jpg 150w, https:\/\/pfarrei-schwarzach-perasdorf.de\/wp-content\/uploads\/2025\/05\/2020-768x511.jpg 768w, https:\/\/pfarrei-schwarzach-perasdorf.de\/wp-content\/uploads\/2025\/05\/2020.jpg 1386w\" sizes=\"(max-width: 1024px) 100vw, 1024px\" \/><\/figure>\n\n\n\n<p>v.l.: Pfarrer Alfons Dirscherl, \u00a0Christa Obermeier (KDFB), Erich Trautinger-Edenhofer, Gemeindereferent Martin Bartlreiher<\/p>\n\n\n\n<p>2021<\/p>\n\n\n\n<figure class=\"wp-block-image size-large is-resized\"><img loading=\"lazy\" decoding=\"async\" width=\"1024\" height=\"682\" src=\"https:\/\/pfarrei-schwarzach-perasdorf.de\/wp-content\/uploads\/2025\/05\/2021-1024x682.jpg\" alt=\"\" class=\"wp-image-2812\" style=\"width:800px;height:auto\" srcset=\"https:\/\/pfarrei-schwarzach-perasdorf.de\/wp-content\/uploads\/2025\/05\/2021-1024x682.jpg 1024w, https:\/\/pfarrei-schwarzach-perasdorf.de\/wp-content\/uploads\/2025\/05\/2021-300x200.jpg 300w, https:\/\/pfarrei-schwarzach-perasdorf.de\/wp-content\/uploads\/2025\/05\/2021-150x100.jpg 150w, https:\/\/pfarrei-schwarzach-perasdorf.de\/wp-content\/uploads\/2025\/05\/2021-768x512.jpg 768w, https:\/\/pfarrei-schwarzach-perasdorf.de\/wp-content\/uploads\/2025\/05\/2021.jpg 1129w\" sizes=\"(max-width: 1024px) 100vw, 1024px\" \/><\/figure>\n\n\n\n<p>v.l.: Andrea Edenhofer, Christa Obermeier (KDFB),<\/p>\n\n\n\n<p>2022<\/p>\n\n\n\n<figure class=\"wp-block-image size-large is-resized\"><img loading=\"lazy\" decoding=\"async\" width=\"1024\" height=\"682\" src=\"https:\/\/pfarrei-schwarzach-perasdorf.de\/wp-content\/uploads\/2025\/05\/2022-1024x682.jpg\" alt=\"\" class=\"wp-image-2813\" style=\"width:805px;height:auto\" srcset=\"https:\/\/pfarrei-schwarzach-perasdorf.de\/wp-content\/uploads\/2025\/05\/2022-1024x682.jpg 1024w, https:\/\/pfarrei-schwarzach-perasdorf.de\/wp-content\/uploads\/2025\/05\/2022-300x200.jpg 300w, https:\/\/pfarrei-schwarzach-perasdorf.de\/wp-content\/uploads\/2025\/05\/2022-150x100.jpg 150w, https:\/\/pfarrei-schwarzach-perasdorf.de\/wp-content\/uploads\/2025\/05\/2022-768x511.jpg 768w, https:\/\/pfarrei-schwarzach-perasdorf.de\/wp-content\/uploads\/2025\/05\/2022.jpg 1191w\" sizes=\"(max-width: 1024px) 100vw, 1024px\" \/><\/figure>\n\n\n\n<p>v.l.: Andrea Edenhofer, Christa Obermeier (KDFB),<\/p>\n\n\n\n<p>2023<\/p>\n\n\n\n<figure class=\"wp-block-image size-large is-resized\"><img loading=\"lazy\" decoding=\"async\" width=\"1024\" height=\"685\" src=\"https:\/\/pfarrei-schwarzach-perasdorf.de\/wp-content\/uploads\/2025\/05\/2023-1024x685.jpg\" alt=\"\" class=\"wp-image-2814\" style=\"width:813px;height:auto\" srcset=\"https:\/\/pfarrei-schwarzach-perasdorf.de\/wp-content\/uploads\/2025\/05\/2023-1024x685.jpg 1024w, https:\/\/pfarrei-schwarzach-perasdorf.de\/wp-content\/uploads\/2025\/05\/2023-300x201.jpg 300w, https:\/\/pfarrei-schwarzach-perasdorf.de\/wp-content\/uploads\/2025\/05\/2023-150x100.jpg 150w, https:\/\/pfarrei-schwarzach-perasdorf.de\/wp-content\/uploads\/2025\/05\/2023-768x514.jpg 768w, https:\/\/pfarrei-schwarzach-perasdorf.de\/wp-content\/uploads\/2025\/05\/2023.jpg 1374w\" sizes=\"(max-width: 1024px) 100vw, 1024px\" \/><\/figure>\n\n\n\n<p>v.l.: Andrea Edenhofer, Christa Obermeier (KDFB),<\/p>\n\n\n\n<p>2024<\/p>\n\n\n\n<figure class=\"wp-block-image size-full is-resized\"><img loading=\"lazy\" decoding=\"async\" width=\"1003\" height=\"668\" src=\"https:\/\/pfarrei-schwarzach-perasdorf.de\/wp-content\/uploads\/2025\/05\/2024.jpg\" alt=\"\" class=\"wp-image-2815\" style=\"width:827px;height:auto\" srcset=\"https:\/\/pfarrei-schwarzach-perasdorf.de\/wp-content\/uploads\/2025\/05\/2024.jpg 1003w, https:\/\/pfarrei-schwarzach-perasdorf.de\/wp-content\/uploads\/2025\/05\/2024-300x200.jpg 300w, https:\/\/pfarrei-schwarzach-perasdorf.de\/wp-content\/uploads\/2025\/05\/2024-150x100.jpg 150w, https:\/\/pfarrei-schwarzach-perasdorf.de\/wp-content\/uploads\/2025\/05\/2024-768x511.jpg 768w\" sizes=\"(max-width: 1003px) 100vw, 1003px\" \/><\/figure>\n\n\n\n<p>v.l.: Andrea Edenhofer, Christa Obermeier (KDFB),<\/p>\n\n\n\n<p>2025<\/p>\n\n\n\n<figure class=\"wp-block-image size-large is-resized\"><img loading=\"lazy\" decoding=\"async\" width=\"1024\" height=\"681\" src=\"https:\/\/pfarrei-schwarzach-perasdorf.de\/wp-content\/uploads\/2025\/05\/Bild-2-1-1024x681.jpg\" alt=\"\" class=\"wp-image-2805\" style=\"width:824px;height:auto\" srcset=\"https:\/\/pfarrei-schwarzach-perasdorf.de\/wp-content\/uploads\/2025\/05\/Bild-2-1-1024x681.jpg 1024w, https:\/\/pfarrei-schwarzach-perasdorf.de\/wp-content\/uploads\/2025\/05\/Bild-2-1-300x199.jpg 300w, https:\/\/pfarrei-schwarzach-perasdorf.de\/wp-content\/uploads\/2025\/05\/Bild-2-1-150x100.jpg 150w, https:\/\/pfarrei-schwarzach-perasdorf.de\/wp-content\/uploads\/2025\/05\/Bild-2-1-768x511.jpg 768w, https:\/\/pfarrei-schwarzach-perasdorf.de\/wp-content\/uploads\/2025\/05\/Bild-2-1.jpg 1080w\" sizes=\"(max-width: 1024px) 100vw, 1024px\" \/><\/figure>\n\n\n\n<p>v.l.: Andrea Edenhofer, Christa Obermeier (KDFB), Nicole Schatt (KDFB)<\/p>\n\n\n\n<p><\/p>\n\n\n\n<p>Text und Fotos: Christa Obermeier<\/p>\n","protected":false},"excerpt":{"rendered":"<p>Die Solibrotaktion ist inzwischen ein festes Angebot in Schwarzach. Seit zehn Jahren bem\u00fcht sich der Frauenbund Schwarzach-Perasdorf darum, verschiedene Misereorprojekte zu unterst\u00fctzen und nebenbei den Kunden gesundes handwerklich produziertes Brot anzubieten. Dazu ist die Kooperation mit einer B\u00e4ckerei n\u00f6tig. Anfangs mit Unterst\u00fctzung durch die B\u00e4ckerei Finkl, seit acht Jahren mit der B\u00e4ckerei Edenhofer gibt es &#8230; <span class=\"more\"><a class=\"more-link\" href=\"https:\/\/pfarrei-schwarzach-perasdorf.de\/?p=2807\">[weiterlesen&#8230;]<\/a><\/span><\/p>\n","protected":false},"author":10,"featured_media":0,"comment_status":"closed","ping_status":"closed","sticky":false,"template":"","format":"standard","meta":{"footnotes":""},"categories":[6],"tags":[],"_links":{"self":[{"href":"https:\/\/pfarrei-schwarzach-perasdorf.de\/index.php?rest_route=\/wp\/v2\/posts\/2807"}],"collection":[{"href":"https:\/\/pfarrei-schwarzach-perasdorf.de\/index.php?rest_route=\/wp\/v2\/posts"}],"about":[{"href":"https:\/\/pfarrei-schwarzach-perasdorf.de\/index.php?rest_route=\/wp\/v2\/types\/post"}],"author":[{"embeddable":true,"href":"https:\/\/pfarrei-schwarzach-perasdorf.de\/index.php?rest_route=\/wp\/v2\/users\/10"}],"replies":[{"embeddable":true,"href":"https:\/\/pfarrei-schwarzach-perasdorf.de\/index.php?rest_route=%2Fwp%2Fv2%2Fcomments&post=2807"}],"version-history":[{"count":1,"href":"https:\/\/pfarrei-schwarzach-perasdorf.de\/index.php?rest_route=\/wp\/v2\/posts\/2807\/revisions"}],"predecessor-version":[{"id":2817,"href":"https:\/\/pfarrei-schwarzach-perasdorf.de\/index.php?rest_route=\/wp\/v2\/posts\/2807\/revisions\/2817"}],"wp:attachment":[{"href":"https:\/\/pfarrei-schwarzach-perasdorf.de\/index.php?rest_route=%2Fwp%2Fv2%2Fmedia&parent=2807"}],"wp:term":[{"taxonomy":"category","embeddable":true,"href":"https:\/\/pfarrei-schwarzach-perasdorf.de\/index.php?rest_route=%2Fwp%2Fv2%2Fcategories&post=2807"},{"taxonomy":"post_tag","embeddable":true,"href":"https:\/\/pfarrei-schwarzach-perasdorf.de\/index.php?rest_route=%2Fwp%2Fv2%2Ftags&post=2807"}],"curies":[{"name":"wp","href":"https:\/\/api.w.org\/{rel}","templated":true}]}}