{"id":2797,"date":"2025-05-19T22:59:13","date_gmt":"2025-05-19T20:59:13","guid":{"rendered":"https:\/\/pfarrei-schwarzach-perasdorf.de\/?p=2797"},"modified":"2025-05-19T22:59:15","modified_gmt":"2025-05-19T20:59:15","slug":"er-hat-ja-gesagt","status":"publish","type":"post","link":"https:\/\/pfarrei-schwarzach-perasdorf.de\/?p=2797","title":{"rendered":"Er hat \u201eJa\u201c gesagt"},"content":{"rendered":"\n<p><strong>Pfarrer Koller ist Schirmherr des Freilichtspiels \u201eHirschenstoaner D\u00e4mmerung\u201c<\/strong><\/p>\n\n\n\n<p>(fgi) Schwarzach. \u201eDen neuen Pfarrer in die Pflicht nehmen\u201c, das hat sich die Festspielgruppe von Kultur in Schwarzach am Samstag zur Aufgabe gemacht. Nach dem Gottesdienst in der Pfarrkirche St. Martin wurde Pfarrer Hans-J\u00fcrgen Koller traditionell vom Regieteam, Darstellern, Chormitgliedern und der KiS-Vorstandschaft darum gebeten, die Schirmherrschaft beim Freilichtspiel \u201eHirschenstoaner D\u00e4mmerung\u201c zu \u00fcbernehmen und er hat \u201eJa\u201c gesagt.<\/p>\n\n\n\n<p>Im Juli soll im Gemeindepark in Schwarzach ein Freilichtspiel stattfinden, welches vom Schwarzacher Tobias Rothammer selbst verfasst wurde. Es ist ein Drama in drei Akten und erz\u00e4hlt von der Sehnsucht der Menschen nach Heimat. Es spielt um 1850 in Schwarzach, rund um den Hirschenstein. Das Publikum und auch die Darsteller sollen bei den sieben Auff\u00fchrungsterminen nat\u00fcrlich im Trockenen sitzen und spielen k\u00f6nnen. Daher ist es ein alter Brauch einen Schirmherrn zu finden, der daf\u00fcr sorgt, dass kein Tropfen vom Himmel f\u00e4llt. Pfarrer Hans-J\u00fcrgen Koller kam der Festspielgruppe sofort in den Sinn, da er \u201eden besten Draht nach oben\u201c h\u00e4tte, wie sie aus ihrem selbstgeschriebenen Bittspruch vorgelesen haben. Dieser freute sich sehr \u00fcber die Anfrage zu seiner ersten Schirmherrschaft, wie er berichtete. Trotz des gro\u00dfen Ehrgef\u00fchls, wollte sich Pfarrer Koller so leicht keine Zusage entlocken lassen. Die Bittsteller sollten erst ein paar Aufgaben erf\u00fcllen, erst dann sei ihnen ein \u201eJa\u201c zur Schirmherrschaft gewiss, so Pfarrer Koller. Nachdem er drei Holzscheite aus seiner Tasche auf dem Boden gelegt hatte, erl\u00f6ste er den KiS-Vorstand Christian Meier und das Regieteam aus Lisa Staudinger und Tobias Rothammer von ihrem ersten Schreck. Er w\u00fcnsche sich nicht, dass die drei auf den Holscheiten knien m\u00fcssen, sondern dass alle Darsteller einen Satz aus ihrem Text vortragen und der Chor ein Lied anstimmen sollte. Diese Aufgabe war der Festspielgruppe nat\u00fcrlich ein Leichtes und so \u00fcbergab Regisseur Wolfgang Folger offiziell den Schirm und die Verantwortung \u00fcber das Wetter an Pfarrer Koller.<\/p>\n\n\n\n<p>Die Auff\u00fchrungen finden zwischen dem 3. Juli und dem 12. Juli 2025 im Gemeindepark in Schwarzach statt. Beginn der Auff\u00fchrungen ist jeweils um 20 Uhr \u2013 au\u00dfer am Sonntag, da beginnt die Auff\u00fchrung bereits um 18 Uhr. Tickets gibt es vor Ort bei Metallbau Biller oder EP:Baier sowie online unter www.kis-schwarzach.de\/freilichtspiel<\/p>\n\n\n\n<figure class=\"wp-block-image size-large is-resized\"><img loading=\"lazy\" decoding=\"async\" width=\"1024\" height=\"678\" src=\"https:\/\/pfarrei-schwarzach-perasdorf.de\/wp-content\/uploads\/2025\/05\/Bild-1-1024x678.jpg\" alt=\"\" class=\"wp-image-2799\" style=\"width:597px;height:auto\" srcset=\"https:\/\/pfarrei-schwarzach-perasdorf.de\/wp-content\/uploads\/2025\/05\/Bild-1-1024x678.jpg 1024w, https:\/\/pfarrei-schwarzach-perasdorf.de\/wp-content\/uploads\/2025\/05\/Bild-1-300x199.jpg 300w, https:\/\/pfarrei-schwarzach-perasdorf.de\/wp-content\/uploads\/2025\/05\/Bild-1-150x99.jpg 150w, https:\/\/pfarrei-schwarzach-perasdorf.de\/wp-content\/uploads\/2025\/05\/Bild-1-768x508.jpg 768w, https:\/\/pfarrei-schwarzach-perasdorf.de\/wp-content\/uploads\/2025\/05\/Bild-1.jpg 1385w\" sizes=\"(max-width: 1024px) 100vw, 1024px\" \/><\/figure>\n\n\n\n<p>Der Schirmherrschaft wurde mit einem Schirm und einem Exemplar des Drehbuchs besiegelt. (v.r.) Pfarrer Hans-J\u00fcrgen Koller, Darstellerin Gisela Krei\u00dfl als Pfarrersk\u00f6chin, Regisseurin Lisa Staudinger, Regisseur Wolfgang Folger, KiS-Vorstand Christian Meier sowie Autor und Regisseur Tobias Rothammer.<\/p>\n\n\n\n<figure class=\"wp-block-image size-full\"><img loading=\"lazy\" decoding=\"async\" width=\"600\" height=\"397\" src=\"https:\/\/pfarrei-schwarzach-perasdorf.de\/wp-content\/uploads\/2025\/05\/Bild-2.jpg\" alt=\"\" class=\"wp-image-2800\" srcset=\"https:\/\/pfarrei-schwarzach-perasdorf.de\/wp-content\/uploads\/2025\/05\/Bild-2.jpg 600w, https:\/\/pfarrei-schwarzach-perasdorf.de\/wp-content\/uploads\/2025\/05\/Bild-2-300x199.jpg 300w, https:\/\/pfarrei-schwarzach-perasdorf.de\/wp-content\/uploads\/2025\/05\/Bild-2-150x99.jpg 150w\" sizes=\"(max-width: 600px) 100vw, 600px\" \/><\/figure>\n\n\n\n<p>Das Regieteam aus Tobias Rothammer und Lisa Staudinger und der KiS-Vorstand Christian Meier sollten als Aufgabe \u201eHolzscheitelknien\u201c.<\/p>\n\n\n\n<figure class=\"wp-block-image size-full\"><img loading=\"lazy\" decoding=\"async\" width=\"601\" height=\"398\" src=\"https:\/\/pfarrei-schwarzach-perasdorf.de\/wp-content\/uploads\/2025\/05\/Bild-3.jpg\" alt=\"\" class=\"wp-image-2801\" srcset=\"https:\/\/pfarrei-schwarzach-perasdorf.de\/wp-content\/uploads\/2025\/05\/Bild-3.jpg 601w, https:\/\/pfarrei-schwarzach-perasdorf.de\/wp-content\/uploads\/2025\/05\/Bild-3-300x199.jpg 300w, https:\/\/pfarrei-schwarzach-perasdorf.de\/wp-content\/uploads\/2025\/05\/Bild-3-150x99.jpg 150w\" sizes=\"(max-width: 601px) 100vw, 601px\" \/><\/figure>\n\n\n\n<p>Der Schirmherr Pfarrer Hans-J\u00fcrgen Koller wurde nach dem Gottesdienst von den Darstellern abgeholt und ins Pfarrheim begleitet.<\/p>\n\n\n\n<p>Text und Fotos: Franziska Wagner<\/p>\n","protected":false},"excerpt":{"rendered":"<p>Pfarrer Koller ist Schirmherr des Freilichtspiels \u201eHirschenstoaner D\u00e4mmerung\u201c (fgi) Schwarzach. \u201eDen neuen Pfarrer in die Pflicht nehmen\u201c, das hat sich die Festspielgruppe von Kultur in Schwarzach am Samstag zur Aufgabe gemacht. Nach dem Gottesdienst in der Pfarrkirche St. Martin wurde Pfarrer Hans-J\u00fcrgen Koller traditionell vom Regieteam, Darstellern, Chormitgliedern und der KiS-Vorstandschaft darum gebeten, die Schirmherrschaft &#8230; <span class=\"more\"><a class=\"more-link\" href=\"https:\/\/pfarrei-schwarzach-perasdorf.de\/?p=2797\">[weiterlesen&#8230;]<\/a><\/span><\/p>\n","protected":false},"author":10,"featured_media":0,"comment_status":"closed","ping_status":"closed","sticky":false,"template":"","format":"standard","meta":{"footnotes":""},"categories":[6],"tags":[],"_links":{"self":[{"href":"https:\/\/pfarrei-schwarzach-perasdorf.de\/index.php?rest_route=\/wp\/v2\/posts\/2797"}],"collection":[{"href":"https:\/\/pfarrei-schwarzach-perasdorf.de\/index.php?rest_route=\/wp\/v2\/posts"}],"about":[{"href":"https:\/\/pfarrei-schwarzach-perasdorf.de\/index.php?rest_route=\/wp\/v2\/types\/post"}],"author":[{"embeddable":true,"href":"https:\/\/pfarrei-schwarzach-perasdorf.de\/index.php?rest_route=\/wp\/v2\/users\/10"}],"replies":[{"embeddable":true,"href":"https:\/\/pfarrei-schwarzach-perasdorf.de\/index.php?rest_route=%2Fwp%2Fv2%2Fcomments&post=2797"}],"version-history":[{"count":2,"href":"https:\/\/pfarrei-schwarzach-perasdorf.de\/index.php?rest_route=\/wp\/v2\/posts\/2797\/revisions"}],"predecessor-version":[{"id":2802,"href":"https:\/\/pfarrei-schwarzach-perasdorf.de\/index.php?rest_route=\/wp\/v2\/posts\/2797\/revisions\/2802"}],"wp:attachment":[{"href":"https:\/\/pfarrei-schwarzach-perasdorf.de\/index.php?rest_route=%2Fwp%2Fv2%2Fmedia&parent=2797"}],"wp:term":[{"taxonomy":"category","embeddable":true,"href":"https:\/\/pfarrei-schwarzach-perasdorf.de\/index.php?rest_route=%2Fwp%2Fv2%2Fcategories&post=2797"},{"taxonomy":"post_tag","embeddable":true,"href":"https:\/\/pfarrei-schwarzach-perasdorf.de\/index.php?rest_route=%2Fwp%2Fv2%2Ftags&post=2797"}],"curies":[{"name":"wp","href":"https:\/\/api.w.org\/{rel}","templated":true}]}}