{"id":2794,"date":"2025-05-12T20:23:08","date_gmt":"2025-05-12T18:23:08","guid":{"rendered":"https:\/\/pfarrei-schwarzach-perasdorf.de\/?p=2794"},"modified":"2025-05-12T20:23:10","modified_gmt":"2025-05-12T18:23:10","slug":"zum-kaffeekraenzchen-ins-pfarrheim","status":"publish","type":"post","link":"https:\/\/pfarrei-schwarzach-perasdorf.de\/?p=2794","title":{"rendered":"Zum Kaffeekr\u00e4nzchen ins Pfarrheim"},"content":{"rendered":"\n<p>Pfarrei und Frauenbund hatten eingeladen zum Kaffeekr\u00e4nzchen ins Pfarrheim. Zur Einstimmung in den Mai hatte das Team eine Maiandacht vorbereitet mit Texten und Liedern zum Thema \u201eMaria, die Lebensbegleiterin\u201c, musikalisch wurde die Feier begleitet von Frau Bielmeier. Anschlie\u00dfend gab es Kaffee und leckere Kuchen und viel Zeit f\u00fcr Gespr\u00e4che.<\/p>\n\n\n\n<p>Text und Fotos: Christine Obermeier<\/p>\n\n\n\n<figure class=\"wp-block-image size-large is-resized\"><img loading=\"lazy\" decoding=\"async\" width=\"578\" height=\"1024\" src=\"https:\/\/pfarrei-schwarzach-perasdorf.de\/wp-content\/uploads\/2025\/05\/05_1746893663307-578x1024.jpg\" alt=\"\" class=\"wp-image-2793\" style=\"width:473px;height:auto\" srcset=\"https:\/\/pfarrei-schwarzach-perasdorf.de\/wp-content\/uploads\/2025\/05\/05_1746893663307-578x1024.jpg 578w, https:\/\/pfarrei-schwarzach-perasdorf.de\/wp-content\/uploads\/2025\/05\/05_1746893663307-169x300.jpg 169w, https:\/\/pfarrei-schwarzach-perasdorf.de\/wp-content\/uploads\/2025\/05\/05_1746893663307-85x150.jpg 85w, https:\/\/pfarrei-schwarzach-perasdorf.de\/wp-content\/uploads\/2025\/05\/05_1746893663307-768x1362.jpg 768w, https:\/\/pfarrei-schwarzach-perasdorf.de\/wp-content\/uploads\/2025\/05\/05_1746893663307-866x1536.jpg 866w, https:\/\/pfarrei-schwarzach-perasdorf.de\/wp-content\/uploads\/2025\/05\/05_1746893663307-1155x2048.jpg 1155w, https:\/\/pfarrei-schwarzach-perasdorf.de\/wp-content\/uploads\/2025\/05\/05_1746893663307-scaled.jpg 1444w\" sizes=\"(max-width: 578px) 100vw, 578px\" \/><\/figure>\n\n\n\n<p><\/p>\n\n\n\n<figure class=\"wp-block-image size-large is-resized\"><img loading=\"lazy\" decoding=\"async\" width=\"578\" height=\"1024\" src=\"https:\/\/pfarrei-schwarzach-perasdorf.de\/wp-content\/uploads\/2025\/05\/03_1746893663289-578x1024.jpg\" alt=\"\" class=\"wp-image-2792\" style=\"width:476px;height:auto\" srcset=\"https:\/\/pfarrei-schwarzach-perasdorf.de\/wp-content\/uploads\/2025\/05\/03_1746893663289-578x1024.jpg 578w, https:\/\/pfarrei-schwarzach-perasdorf.de\/wp-content\/uploads\/2025\/05\/03_1746893663289-169x300.jpg 169w, https:\/\/pfarrei-schwarzach-perasdorf.de\/wp-content\/uploads\/2025\/05\/03_1746893663289-85x150.jpg 85w, https:\/\/pfarrei-schwarzach-perasdorf.de\/wp-content\/uploads\/2025\/05\/03_1746893663289-768x1362.jpg 768w, https:\/\/pfarrei-schwarzach-perasdorf.de\/wp-content\/uploads\/2025\/05\/03_1746893663289-866x1536.jpg 866w, https:\/\/pfarrei-schwarzach-perasdorf.de\/wp-content\/uploads\/2025\/05\/03_1746893663289-1155x2048.jpg 1155w, https:\/\/pfarrei-schwarzach-perasdorf.de\/wp-content\/uploads\/2025\/05\/03_1746893663289-scaled.jpg 1444w\" sizes=\"(max-width: 578px) 100vw, 578px\" \/><\/figure>\n","protected":false},"excerpt":{"rendered":"<p>Pfarrei und Frauenbund hatten eingeladen zum Kaffeekr\u00e4nzchen ins Pfarrheim. Zur Einstimmung in den Mai hatte das Team eine Maiandacht vorbereitet mit Texten und Liedern zum Thema \u201eMaria, die Lebensbegleiterin\u201c, musikalisch wurde die Feier begleitet von Frau Bielmeier. Anschlie\u00dfend gab es Kaffee und leckere Kuchen und viel Zeit f\u00fcr Gespr\u00e4che. Text und Fotos: Christine Obermeier<\/p>\n","protected":false},"author":10,"featured_media":0,"comment_status":"closed","ping_status":"closed","sticky":false,"template":"","format":"standard","meta":{"footnotes":""},"categories":[6],"tags":[],"_links":{"self":[{"href":"https:\/\/pfarrei-schwarzach-perasdorf.de\/index.php?rest_route=\/wp\/v2\/posts\/2794"}],"collection":[{"href":"https:\/\/pfarrei-schwarzach-perasdorf.de\/index.php?rest_route=\/wp\/v2\/posts"}],"about":[{"href":"https:\/\/pfarrei-schwarzach-perasdorf.de\/index.php?rest_route=\/wp\/v2\/types\/post"}],"author":[{"embeddable":true,"href":"https:\/\/pfarrei-schwarzach-perasdorf.de\/index.php?rest_route=\/wp\/v2\/users\/10"}],"replies":[{"embeddable":true,"href":"https:\/\/pfarrei-schwarzach-perasdorf.de\/index.php?rest_route=%2Fwp%2Fv2%2Fcomments&post=2794"}],"version-history":[{"count":1,"href":"https:\/\/pfarrei-schwarzach-perasdorf.de\/index.php?rest_route=\/wp\/v2\/posts\/2794\/revisions"}],"predecessor-version":[{"id":2795,"href":"https:\/\/pfarrei-schwarzach-perasdorf.de\/index.php?rest_route=\/wp\/v2\/posts\/2794\/revisions\/2795"}],"wp:attachment":[{"href":"https:\/\/pfarrei-schwarzach-perasdorf.de\/index.php?rest_route=%2Fwp%2Fv2%2Fmedia&parent=2794"}],"wp:term":[{"taxonomy":"category","embeddable":true,"href":"https:\/\/pfarrei-schwarzach-perasdorf.de\/index.php?rest_route=%2Fwp%2Fv2%2Fcategories&post=2794"},{"taxonomy":"post_tag","embeddable":true,"href":"https:\/\/pfarrei-schwarzach-perasdorf.de\/index.php?rest_route=%2Fwp%2Fv2%2Ftags&post=2794"}],"curies":[{"name":"wp","href":"https:\/\/api.w.org\/{rel}","templated":true}]}}