{"id":2763,"date":"2025-05-01T10:09:00","date_gmt":"2025-05-01T08:09:00","guid":{"rendered":"https:\/\/pfarrei-schwarzach-perasdorf.de\/?p=2763"},"modified":"2025-04-30T23:13:21","modified_gmt":"2025-04-30T21:13:21","slug":"gewaenderuebergabe-am-gruendonnerstag","status":"publish","type":"post","link":"https:\/\/pfarrei-schwarzach-perasdorf.de\/?p=2763","title":{"rendered":"Gew\u00e4nder\u00fcbergabe am Gr\u00fcndonnerstag"},"content":{"rendered":"\n<p>Am Gr\u00fcndonnerstag durften die Kommunionkinder ihre Erstkommuniongew\u00e4nder entgegennehmen, auch ihre Kerzen wurden bei diesem Anlass gesegnet.<br>Statt einer Predigt trugen die Kommunionkinder eine sehr eindrucksvolle Sprechcantate vor, die das Ergebnis eines Projektes zum Thema Frieden mit Wolfgang Folger war.<br>Vielen Dank an alle f\u00fcr dieses besondere Erlebnis.<\/p>\n\n\n\n<figure class=\"wp-block-image size-large is-resized\"><img loading=\"lazy\" decoding=\"async\" width=\"1024\" height=\"768\" src=\"https:\/\/pfarrei-schwarzach-perasdorf.de\/wp-content\/uploads\/2025\/04\/Gewaenderuebergabe-1-1024x768.jpg\" alt=\"\" class=\"wp-image-2764\" style=\"width:647px;height:auto\" srcset=\"https:\/\/pfarrei-schwarzach-perasdorf.de\/wp-content\/uploads\/2025\/04\/Gewaenderuebergabe-1-1024x768.jpg 1024w, https:\/\/pfarrei-schwarzach-perasdorf.de\/wp-content\/uploads\/2025\/04\/Gewaenderuebergabe-1-300x225.jpg 300w, https:\/\/pfarrei-schwarzach-perasdorf.de\/wp-content\/uploads\/2025\/04\/Gewaenderuebergabe-1-150x113.jpg 150w, https:\/\/pfarrei-schwarzach-perasdorf.de\/wp-content\/uploads\/2025\/04\/Gewaenderuebergabe-1-768x576.jpg 768w, https:\/\/pfarrei-schwarzach-perasdorf.de\/wp-content\/uploads\/2025\/04\/Gewaenderuebergabe-1-1536x1152.jpg 1536w, https:\/\/pfarrei-schwarzach-perasdorf.de\/wp-content\/uploads\/2025\/04\/Gewaenderuebergabe-1.jpg 1600w\" sizes=\"(max-width: 1024px) 100vw, 1024px\" \/><\/figure>\n\n\n\n<figure class=\"wp-block-image size-large is-resized\"><img loading=\"lazy\" decoding=\"async\" width=\"768\" height=\"1024\" src=\"https:\/\/pfarrei-schwarzach-perasdorf.de\/wp-content\/uploads\/2025\/04\/Gewaenderuebergabe-Maria-Hoepfl-768x1024.jpg\" alt=\"\" class=\"wp-image-2765\" style=\"width:649px;height:auto\" srcset=\"https:\/\/pfarrei-schwarzach-perasdorf.de\/wp-content\/uploads\/2025\/04\/Gewaenderuebergabe-Maria-Hoepfl-768x1024.jpg 768w, https:\/\/pfarrei-schwarzach-perasdorf.de\/wp-content\/uploads\/2025\/04\/Gewaenderuebergabe-Maria-Hoepfl-225x300.jpg 225w, https:\/\/pfarrei-schwarzach-perasdorf.de\/wp-content\/uploads\/2025\/04\/Gewaenderuebergabe-Maria-Hoepfl-113x150.jpg 113w, https:\/\/pfarrei-schwarzach-perasdorf.de\/wp-content\/uploads\/2025\/04\/Gewaenderuebergabe-Maria-Hoepfl-1152x1536.jpg 1152w, https:\/\/pfarrei-schwarzach-perasdorf.de\/wp-content\/uploads\/2025\/04\/Gewaenderuebergabe-Maria-Hoepfl.jpg 1200w\" sizes=\"(max-width: 768px) 100vw, 768px\" \/><\/figure>\n\n\n\n<p>Text: Martin Bartlreiher   Fotos: Maria H\u00f6pfl<\/p>\n","protected":false},"excerpt":{"rendered":"<p>Am Gr\u00fcndonnerstag durften die Kommunionkinder ihre Erstkommuniongew\u00e4nder entgegennehmen, auch ihre Kerzen wurden bei diesem Anlass gesegnet.Statt einer Predigt trugen die Kommunionkinder eine sehr eindrucksvolle Sprechcantate vor, die das Ergebnis eines Projektes zum Thema Frieden mit Wolfgang Folger war.Vielen Dank an alle f\u00fcr dieses besondere Erlebnis. Text: Martin Bartlreiher Fotos: Maria H\u00f6pfl<\/p>\n","protected":false},"author":10,"featured_media":0,"comment_status":"closed","ping_status":"closed","sticky":false,"template":"","format":"standard","meta":{"footnotes":""},"categories":[6],"tags":[],"_links":{"self":[{"href":"https:\/\/pfarrei-schwarzach-perasdorf.de\/index.php?rest_route=\/wp\/v2\/posts\/2763"}],"collection":[{"href":"https:\/\/pfarrei-schwarzach-perasdorf.de\/index.php?rest_route=\/wp\/v2\/posts"}],"about":[{"href":"https:\/\/pfarrei-schwarzach-perasdorf.de\/index.php?rest_route=\/wp\/v2\/types\/post"}],"author":[{"embeddable":true,"href":"https:\/\/pfarrei-schwarzach-perasdorf.de\/index.php?rest_route=\/wp\/v2\/users\/10"}],"replies":[{"embeddable":true,"href":"https:\/\/pfarrei-schwarzach-perasdorf.de\/index.php?rest_route=%2Fwp%2Fv2%2Fcomments&post=2763"}],"version-history":[{"count":1,"href":"https:\/\/pfarrei-schwarzach-perasdorf.de\/index.php?rest_route=\/wp\/v2\/posts\/2763\/revisions"}],"predecessor-version":[{"id":2766,"href":"https:\/\/pfarrei-schwarzach-perasdorf.de\/index.php?rest_route=\/wp\/v2\/posts\/2763\/revisions\/2766"}],"wp:attachment":[{"href":"https:\/\/pfarrei-schwarzach-perasdorf.de\/index.php?rest_route=%2Fwp%2Fv2%2Fmedia&parent=2763"}],"wp:term":[{"taxonomy":"category","embeddable":true,"href":"https:\/\/pfarrei-schwarzach-perasdorf.de\/index.php?rest_route=%2Fwp%2Fv2%2Fcategories&post=2763"},{"taxonomy":"post_tag","embeddable":true,"href":"https:\/\/pfarrei-schwarzach-perasdorf.de\/index.php?rest_route=%2Fwp%2Fv2%2Ftags&post=2763"}],"curies":[{"name":"wp","href":"https:\/\/api.w.org\/{rel}","templated":true}]}}