{"id":2741,"date":"2025-04-30T22:27:12","date_gmt":"2025-04-30T20:27:12","guid":{"rendered":"https:\/\/pfarrei-schwarzach-perasdorf.de\/?p=2741"},"modified":"2025-04-30T22:27:14","modified_gmt":"2025-04-30T20:27:14","slug":"karfreitag-die-feier-vom-leiden-und-sterben-christi","status":"publish","type":"post","link":"https:\/\/pfarrei-schwarzach-perasdorf.de\/?p=2741","title":{"rendered":"Karfreitag \u2013 Die Feier vom Leiden und Sterben Christi"},"content":{"rendered":"\n<p>In der Liturgie des Karfreitags steht das Kreuz im Mittelpunkt. Es werden Riten vollzogen, die sehr dicht sind. \u201eWir k\u00f6nnen nur betroffen, sprachlos staunend das Geheimnis unserer Erl\u00f6sung feiern\u201c, wenn wir in dieser Feier auf das Kreuz schauen und den verehren und uns vor ihm verneigen, der das Kreuz f\u00fcr uns zum Zeichen des Lebens verwandelt hat.<\/p>\n\n\n\n<p>Auf die Verk\u00fcndung in Lesungen und der Leidensgeschichte Jesu antworten wir heute mit den Gro\u00dfen F\u00fcrbitten. Wir verbinden uns in unserem Beten mit allen Menschen in der Welt und bitten Miteinander und F\u00fcreinander in unserer eigenen Erl\u00f6sungsbed\u00fcrftigkeit und f\u00fcr die der ganzen Welt.<\/p>\n\n\n\n<p>Wir sind eingeladen, ausdr\u00fccklich mit dem gekreuzigten Herrn in Beziehung zu treten. Wir d\u00fcrfen bei der Kreuzverehrung heraustreten und jede und jeder geht mit ihrer\/seiner eigenen Lebens- und Glaubensgeschichte hin zum Kreuz und verneigt sich und betet den an, der in seinem Leiden und Sterben zum Bruder und Erl\u00f6ser geworden ist. Was sich da an N\u00e4he und Erfahrung vollzieht ist zusammengefasst in den Zusagen: \u201eIch bin mit deiner Not vertraut.\u201c und \u201eEr hat alle Leiden und Schmerzen auf sich geladen\u201c.<\/p>\n\n\n\n<p>Und f\u00fcr die Feier der Karfreitagsliturgie, die den Tod in seinem gesamten Ausma\u00df vor Augen stellt ist die vollzogene Kreuzesverehrung die \u201eKommunion\u201c, die mich heute leben l\u00e4sst und mich n\u00e4hrt. Heute verk\u00fcnden wir \u201eseinen Tod\u201c, halten den Schrei Jesu: \u201eMein Gott, mein Gott, warum hast du mich verlassen\u201c mit aus und erwarten \u201eseine Auferstehung\u201c. Es ist schwer, nichts in H\u00e4nden zu halten, hilflos und mit leeren H\u00e4nden zu kommen und in dieser Ohnmacht trotzdem aufgefangen zu sein, bei dem, der mit ausgebreiteten Armen am Kreuz h\u00e4ngt und sich uns Menschen zuneigt.<\/p>\n\n\n\n<figure class=\"wp-block-image size-large is-resized\"><img loading=\"lazy\" decoding=\"async\" width=\"1024\" height=\"768\" src=\"https:\/\/pfarrei-schwarzach-perasdorf.de\/wp-content\/uploads\/2025\/04\/7d3f0a3b-6a23-4bf8-87ef-5ca0b6489c36-1024x768.jpg\" alt=\"\" class=\"wp-image-2753\" style=\"width:598px;height:auto\" srcset=\"https:\/\/pfarrei-schwarzach-perasdorf.de\/wp-content\/uploads\/2025\/04\/7d3f0a3b-6a23-4bf8-87ef-5ca0b6489c36-1024x768.jpg 1024w, https:\/\/pfarrei-schwarzach-perasdorf.de\/wp-content\/uploads\/2025\/04\/7d3f0a3b-6a23-4bf8-87ef-5ca0b6489c36-300x225.jpg 300w, https:\/\/pfarrei-schwarzach-perasdorf.de\/wp-content\/uploads\/2025\/04\/7d3f0a3b-6a23-4bf8-87ef-5ca0b6489c36-150x113.jpg 150w, https:\/\/pfarrei-schwarzach-perasdorf.de\/wp-content\/uploads\/2025\/04\/7d3f0a3b-6a23-4bf8-87ef-5ca0b6489c36-768x576.jpg 768w, https:\/\/pfarrei-schwarzach-perasdorf.de\/wp-content\/uploads\/2025\/04\/7d3f0a3b-6a23-4bf8-87ef-5ca0b6489c36-1536x1152.jpg 1536w, https:\/\/pfarrei-schwarzach-perasdorf.de\/wp-content\/uploads\/2025\/04\/7d3f0a3b-6a23-4bf8-87ef-5ca0b6489c36-2048x1536.jpg 2048w\" sizes=\"(max-width: 1024px) 100vw, 1024px\" \/><\/figure>\n\n\n\n<figure class=\"wp-block-image size-large is-resized\"><img loading=\"lazy\" decoding=\"async\" width=\"768\" height=\"1024\" src=\"https:\/\/pfarrei-schwarzach-perasdorf.de\/wp-content\/uploads\/2025\/04\/661e5eb6-4216-41b9-9bcb-cef8d6d5ee5a-768x1024.jpg\" alt=\"\" class=\"wp-image-2754\" style=\"width:600px;height:auto\" srcset=\"https:\/\/pfarrei-schwarzach-perasdorf.de\/wp-content\/uploads\/2025\/04\/661e5eb6-4216-41b9-9bcb-cef8d6d5ee5a-768x1024.jpg 768w, https:\/\/pfarrei-schwarzach-perasdorf.de\/wp-content\/uploads\/2025\/04\/661e5eb6-4216-41b9-9bcb-cef8d6d5ee5a-225x300.jpg 225w, https:\/\/pfarrei-schwarzach-perasdorf.de\/wp-content\/uploads\/2025\/04\/661e5eb6-4216-41b9-9bcb-cef8d6d5ee5a-113x150.jpg 113w, https:\/\/pfarrei-schwarzach-perasdorf.de\/wp-content\/uploads\/2025\/04\/661e5eb6-4216-41b9-9bcb-cef8d6d5ee5a-1152x1536.jpg 1152w, https:\/\/pfarrei-schwarzach-perasdorf.de\/wp-content\/uploads\/2025\/04\/661e5eb6-4216-41b9-9bcb-cef8d6d5ee5a-1536x2048.jpg 1536w, https:\/\/pfarrei-schwarzach-perasdorf.de\/wp-content\/uploads\/2025\/04\/661e5eb6-4216-41b9-9bcb-cef8d6d5ee5a-scaled.jpg 1920w\" sizes=\"(max-width: 768px) 100vw, 768px\" \/><\/figure>\n","protected":false},"excerpt":{"rendered":"<p>In der Liturgie des Karfreitags steht das Kreuz im Mittelpunkt. Es werden Riten vollzogen, die sehr dicht sind. \u201eWir k\u00f6nnen nur betroffen, sprachlos staunend das Geheimnis unserer Erl\u00f6sung feiern\u201c, wenn wir in dieser Feier auf das Kreuz schauen und den verehren und uns vor ihm verneigen, der das Kreuz f\u00fcr uns zum Zeichen des Lebens &#8230; <span class=\"more\"><a class=\"more-link\" href=\"https:\/\/pfarrei-schwarzach-perasdorf.de\/?p=2741\">[weiterlesen&#8230;]<\/a><\/span><\/p>\n","protected":false},"author":10,"featured_media":0,"comment_status":"closed","ping_status":"closed","sticky":false,"template":"","format":"standard","meta":{"footnotes":""},"categories":[6],"tags":[],"_links":{"self":[{"href":"https:\/\/pfarrei-schwarzach-perasdorf.de\/index.php?rest_route=\/wp\/v2\/posts\/2741"}],"collection":[{"href":"https:\/\/pfarrei-schwarzach-perasdorf.de\/index.php?rest_route=\/wp\/v2\/posts"}],"about":[{"href":"https:\/\/pfarrei-schwarzach-perasdorf.de\/index.php?rest_route=\/wp\/v2\/types\/post"}],"author":[{"embeddable":true,"href":"https:\/\/pfarrei-schwarzach-perasdorf.de\/index.php?rest_route=\/wp\/v2\/users\/10"}],"replies":[{"embeddable":true,"href":"https:\/\/pfarrei-schwarzach-perasdorf.de\/index.php?rest_route=%2Fwp%2Fv2%2Fcomments&post=2741"}],"version-history":[{"count":2,"href":"https:\/\/pfarrei-schwarzach-perasdorf.de\/index.php?rest_route=\/wp\/v2\/posts\/2741\/revisions"}],"predecessor-version":[{"id":2755,"href":"https:\/\/pfarrei-schwarzach-perasdorf.de\/index.php?rest_route=\/wp\/v2\/posts\/2741\/revisions\/2755"}],"wp:attachment":[{"href":"https:\/\/pfarrei-schwarzach-perasdorf.de\/index.php?rest_route=%2Fwp%2Fv2%2Fmedia&parent=2741"}],"wp:term":[{"taxonomy":"category","embeddable":true,"href":"https:\/\/pfarrei-schwarzach-perasdorf.de\/index.php?rest_route=%2Fwp%2Fv2%2Fcategories&post=2741"},{"taxonomy":"post_tag","embeddable":true,"href":"https:\/\/pfarrei-schwarzach-perasdorf.de\/index.php?rest_route=%2Fwp%2Fv2%2Ftags&post=2741"}],"curies":[{"name":"wp","href":"https:\/\/api.w.org\/{rel}","templated":true}]}}