{"id":2726,"date":"2025-04-05T21:55:06","date_gmt":"2025-04-05T19:55:06","guid":{"rendered":"https:\/\/pfarrei-schwarzach-perasdorf.de\/?p=2726"},"modified":"2025-04-05T21:55:08","modified_gmt":"2025-04-05T19:55:08","slug":"buchpraesentation-von-rupert-venus-die-pfarrei-erzaehlt","status":"publish","type":"post","link":"https:\/\/pfarrei-schwarzach-perasdorf.de\/?p=2726","title":{"rendered":"Buchpr\u00e4sentation von Rupert Venus &#8211; &#8222;Die Pfarrei erz\u00e4hlt&#8220;."},"content":{"rendered":"\n<p>Die Pfarrei St. Martin Schwarzach blickt auf eine sehr lange und wechselvolle Geschichte zur\u00fcck.<\/p>\n\n\n\n<p>Von den Anf\u00e4ngen \u2013 der urkundlichen Erw\u00e4hnung in einem Schutzbrief von Papst Eugen III. von 1148 \u2013 \u00fcber den Sitz eines Dekanates mit 17 zugeh\u00f6rigen Pfarreien im 14. Jahrhundert \u2013 den 21 Priestern, die aus der Pfarrei in der Zeit von 1720 bis 1824 hervorgingen \u2013 der Umstrukturierung und Bildung einer Pfarreiengemeinschaft mit der Pfarrei St. Laurentius Perasdorf, sowie der umfangreichen Renovierung der Pfarrkirche St. Martin in neuer Zeit&nbsp; \u2013 durchl\u00e4uft die Pfarrei eine fast 900 j\u00e4hrige, wechselvolle Geschichte.<\/p>\n\n\n\n<p>Die Pfarrgemeinde St. Martin geh\u00f6rte in all den Jahren immer zu einem pr\u00e4genden Element der Gemeinde Schwarzach, zu einem Garant f\u00fcr Glaubensvermittlung und Werteerziehung und ist nach wie vor, wenn auch starker Herausforderungen und Ver\u00e4nderungen in Gesellschaft und Kirche ausgesetzt, f\u00fcr viele Menschen ein Ort lebendigen Glaubens, St\u00fctze und Halt in ihrem pers\u00f6nlichen Leben, geblieben.<\/p>\n\n\n\n<p>Der Autor, Ehrenb\u00fcrger des Marktes Schwarzach und engagiertes Mitglied der Pfarrei, Rupert Venus, l\u00e4dt uns in seinem neuesten Werk \u201eDie Pfarrei erz\u00e4hlt\u201c zu einer \u201eZeitreise\u201c durch die Geschichte der Pfarrei, ein. In vielen Bildern, teils humorvollen Anekdoten und Geschichten, sowie unz\u00e4hligen Zeitdokumenten nimmt er uns mit und l\u00e4sst die Vergangenheit lebendig werden und ruft uns die letzten Jahre der Gegenwart wieder in Erinnerung.<\/p>\n\n\n\n<p>F\u00fcr seine Leidenschaft zur \u00f6rtlichen Geschichte, die umfangreiche Recherche, das Erstellen dieses Werkes, gilt ihm seitens der Pfarrgemeinde und meiner Person als derzeitiger Pfarrer, ein herzliches Vergelt\u2019s Gott und der Dank allen Unterst\u00fctzern, die zum Entstehen und zum Gelingen dieses Buches mit beigetragen haben.<\/p>\n\n\n\n<p>Uns allen w\u00fcnsche ich viel Freude beim Lesen dieses Buches!<\/p>\n\n\n\n<p>Hans-J\u00fcrgen Koller<\/p>\n\n\n\n<p>Pfarrer<\/p>\n\n\n\n<figure class=\"wp-block-image size-large is-resized\"><img loading=\"lazy\" decoding=\"async\" width=\"768\" height=\"1024\" src=\"https:\/\/pfarrei-schwarzach-perasdorf.de\/wp-content\/uploads\/2025\/04\/a7ac0f48-8209-4628-a38a-2c967ea78639-768x1024.jpg\" alt=\"\" class=\"wp-image-2724\" style=\"width:601px;height:auto\" srcset=\"https:\/\/pfarrei-schwarzach-perasdorf.de\/wp-content\/uploads\/2025\/04\/a7ac0f48-8209-4628-a38a-2c967ea78639-768x1024.jpg 768w, https:\/\/pfarrei-schwarzach-perasdorf.de\/wp-content\/uploads\/2025\/04\/a7ac0f48-8209-4628-a38a-2c967ea78639-225x300.jpg 225w, https:\/\/pfarrei-schwarzach-perasdorf.de\/wp-content\/uploads\/2025\/04\/a7ac0f48-8209-4628-a38a-2c967ea78639-113x150.jpg 113w, https:\/\/pfarrei-schwarzach-perasdorf.de\/wp-content\/uploads\/2025\/04\/a7ac0f48-8209-4628-a38a-2c967ea78639-1152x1536.jpg 1152w, https:\/\/pfarrei-schwarzach-perasdorf.de\/wp-content\/uploads\/2025\/04\/a7ac0f48-8209-4628-a38a-2c967ea78639.jpg 1500w\" sizes=\"(max-width: 768px) 100vw, 768px\" \/><figcaption class=\"wp-element-caption\">Das Buch &#8222;Die Pfarrei erz\u00e4hlt&#8220; von Rupert Venus<\/figcaption><\/figure>\n\n\n\n<figure class=\"wp-block-image size-large is-resized\"><img loading=\"lazy\" decoding=\"async\" width=\"1024\" height=\"768\" src=\"https:\/\/pfarrei-schwarzach-perasdorf.de\/wp-content\/uploads\/2025\/04\/05dc3f30-5105-4625-8baa-40911daaa4a2-1024x768.jpg\" alt=\"\" class=\"wp-image-2720\" style=\"width:604px;height:auto\" srcset=\"https:\/\/pfarrei-schwarzach-perasdorf.de\/wp-content\/uploads\/2025\/04\/05dc3f30-5105-4625-8baa-40911daaa4a2-1024x768.jpg 1024w, https:\/\/pfarrei-schwarzach-perasdorf.de\/wp-content\/uploads\/2025\/04\/05dc3f30-5105-4625-8baa-40911daaa4a2-300x225.jpg 300w, https:\/\/pfarrei-schwarzach-perasdorf.de\/wp-content\/uploads\/2025\/04\/05dc3f30-5105-4625-8baa-40911daaa4a2-150x113.jpg 150w, https:\/\/pfarrei-schwarzach-perasdorf.de\/wp-content\/uploads\/2025\/04\/05dc3f30-5105-4625-8baa-40911daaa4a2-768x576.jpg 768w, https:\/\/pfarrei-schwarzach-perasdorf.de\/wp-content\/uploads\/2025\/04\/05dc3f30-5105-4625-8baa-40911daaa4a2-1536x1152.jpg 1536w, https:\/\/pfarrei-schwarzach-perasdorf.de\/wp-content\/uploads\/2025\/04\/05dc3f30-5105-4625-8baa-40911daaa4a2.jpg 1600w\" sizes=\"(max-width: 1024px) 100vw, 1024px\" \/><figcaption class=\"wp-element-caption\">v.l.: Pfarrer Koller, Autor Rupert Venus, B\u00fcrgermeister Georg Edbauer<\/figcaption><\/figure>\n\n\n\n<figure class=\"wp-block-image size-large is-resized\"><img loading=\"lazy\" decoding=\"async\" width=\"768\" height=\"1024\" src=\"https:\/\/pfarrei-schwarzach-perasdorf.de\/wp-content\/uploads\/2025\/04\/59fc3189-8eef-4975-aa14-acb27d893312-768x1024.jpg\" alt=\"\" class=\"wp-image-2722\" style=\"width:609px;height:auto\" srcset=\"https:\/\/pfarrei-schwarzach-perasdorf.de\/wp-content\/uploads\/2025\/04\/59fc3189-8eef-4975-aa14-acb27d893312-768x1024.jpg 768w, https:\/\/pfarrei-schwarzach-perasdorf.de\/wp-content\/uploads\/2025\/04\/59fc3189-8eef-4975-aa14-acb27d893312-225x300.jpg 225w, https:\/\/pfarrei-schwarzach-perasdorf.de\/wp-content\/uploads\/2025\/04\/59fc3189-8eef-4975-aa14-acb27d893312-113x150.jpg 113w, https:\/\/pfarrei-schwarzach-perasdorf.de\/wp-content\/uploads\/2025\/04\/59fc3189-8eef-4975-aa14-acb27d893312-1152x1536.jpg 1152w, https:\/\/pfarrei-schwarzach-perasdorf.de\/wp-content\/uploads\/2025\/04\/59fc3189-8eef-4975-aa14-acb27d893312.jpg 1500w\" sizes=\"(max-width: 768px) 100vw, 768px\" \/><figcaption class=\"wp-element-caption\">Buchpr\u00e4sentation durch Rupert Venus<\/figcaption><\/figure>\n\n\n\n<figure class=\"wp-block-image size-large is-resized\"><img loading=\"lazy\" decoding=\"async\" width=\"1024\" height=\"768\" src=\"https:\/\/pfarrei-schwarzach-perasdorf.de\/wp-content\/uploads\/2025\/04\/4e96b0a7-5310-4e66-a192-f3e477547408-1024x768.jpg\" alt=\"\" class=\"wp-image-2719\" style=\"width:613px;height:auto\" srcset=\"https:\/\/pfarrei-schwarzach-perasdorf.de\/wp-content\/uploads\/2025\/04\/4e96b0a7-5310-4e66-a192-f3e477547408-1024x768.jpg 1024w, https:\/\/pfarrei-schwarzach-perasdorf.de\/wp-content\/uploads\/2025\/04\/4e96b0a7-5310-4e66-a192-f3e477547408-300x225.jpg 300w, https:\/\/pfarrei-schwarzach-perasdorf.de\/wp-content\/uploads\/2025\/04\/4e96b0a7-5310-4e66-a192-f3e477547408-150x113.jpg 150w, https:\/\/pfarrei-schwarzach-perasdorf.de\/wp-content\/uploads\/2025\/04\/4e96b0a7-5310-4e66-a192-f3e477547408-768x576.jpg 768w, https:\/\/pfarrei-schwarzach-perasdorf.de\/wp-content\/uploads\/2025\/04\/4e96b0a7-5310-4e66-a192-f3e477547408-1536x1152.jpg 1536w, https:\/\/pfarrei-schwarzach-perasdorf.de\/wp-content\/uploads\/2025\/04\/4e96b0a7-5310-4e66-a192-f3e477547408.jpg 2000w\" sizes=\"(max-width: 1024px) 100vw, 1024px\" \/><\/figure>\n\n\n\n<figure class=\"wp-block-image size-large is-resized\"><img loading=\"lazy\" decoding=\"async\" width=\"1024\" height=\"768\" src=\"https:\/\/pfarrei-schwarzach-perasdorf.de\/wp-content\/uploads\/2025\/04\/a378fcb0-beff-447e-9590-b4cfa26b635b-1024x768.jpg\" alt=\"\" class=\"wp-image-2725\" style=\"width:615px;height:auto\" srcset=\"https:\/\/pfarrei-schwarzach-perasdorf.de\/wp-content\/uploads\/2025\/04\/a378fcb0-beff-447e-9590-b4cfa26b635b-1024x768.jpg 1024w, https:\/\/pfarrei-schwarzach-perasdorf.de\/wp-content\/uploads\/2025\/04\/a378fcb0-beff-447e-9590-b4cfa26b635b-300x225.jpg 300w, https:\/\/pfarrei-schwarzach-perasdorf.de\/wp-content\/uploads\/2025\/04\/a378fcb0-beff-447e-9590-b4cfa26b635b-150x113.jpg 150w, https:\/\/pfarrei-schwarzach-perasdorf.de\/wp-content\/uploads\/2025\/04\/a378fcb0-beff-447e-9590-b4cfa26b635b-768x576.jpg 768w, https:\/\/pfarrei-schwarzach-perasdorf.de\/wp-content\/uploads\/2025\/04\/a378fcb0-beff-447e-9590-b4cfa26b635b-1536x1152.jpg 1536w, https:\/\/pfarrei-schwarzach-perasdorf.de\/wp-content\/uploads\/2025\/04\/a378fcb0-beff-447e-9590-b4cfa26b635b.jpg 2000w\" sizes=\"(max-width: 1024px) 100vw, 1024px\" \/><\/figure>\n","protected":false},"excerpt":{"rendered":"<p>Die Pfarrei St. Martin Schwarzach blickt auf eine sehr lange und wechselvolle Geschichte zur\u00fcck. Von den Anf\u00e4ngen \u2013 der urkundlichen Erw\u00e4hnung in einem Schutzbrief von Papst Eugen III. von 1148 \u2013 \u00fcber den Sitz eines Dekanates mit 17 zugeh\u00f6rigen Pfarreien im 14. Jahrhundert \u2013 den 21 Priestern, die aus der Pfarrei in der Zeit von &#8230; <span class=\"more\"><a class=\"more-link\" href=\"https:\/\/pfarrei-schwarzach-perasdorf.de\/?p=2726\">[weiterlesen&#8230;]<\/a><\/span><\/p>\n","protected":false},"author":10,"featured_media":0,"comment_status":"closed","ping_status":"closed","sticky":false,"template":"","format":"standard","meta":{"footnotes":""},"categories":[6],"tags":[],"_links":{"self":[{"href":"https:\/\/pfarrei-schwarzach-perasdorf.de\/index.php?rest_route=\/wp\/v2\/posts\/2726"}],"collection":[{"href":"https:\/\/pfarrei-schwarzach-perasdorf.de\/index.php?rest_route=\/wp\/v2\/posts"}],"about":[{"href":"https:\/\/pfarrei-schwarzach-perasdorf.de\/index.php?rest_route=\/wp\/v2\/types\/post"}],"author":[{"embeddable":true,"href":"https:\/\/pfarrei-schwarzach-perasdorf.de\/index.php?rest_route=\/wp\/v2\/users\/10"}],"replies":[{"embeddable":true,"href":"https:\/\/pfarrei-schwarzach-perasdorf.de\/index.php?rest_route=%2Fwp%2Fv2%2Fcomments&post=2726"}],"version-history":[{"count":1,"href":"https:\/\/pfarrei-schwarzach-perasdorf.de\/index.php?rest_route=\/wp\/v2\/posts\/2726\/revisions"}],"predecessor-version":[{"id":2727,"href":"https:\/\/pfarrei-schwarzach-perasdorf.de\/index.php?rest_route=\/wp\/v2\/posts\/2726\/revisions\/2727"}],"wp:attachment":[{"href":"https:\/\/pfarrei-schwarzach-perasdorf.de\/index.php?rest_route=%2Fwp%2Fv2%2Fmedia&parent=2726"}],"wp:term":[{"taxonomy":"category","embeddable":true,"href":"https:\/\/pfarrei-schwarzach-perasdorf.de\/index.php?rest_route=%2Fwp%2Fv2%2Fcategories&post=2726"},{"taxonomy":"post_tag","embeddable":true,"href":"https:\/\/pfarrei-schwarzach-perasdorf.de\/index.php?rest_route=%2Fwp%2Fv2%2Ftags&post=2726"}],"curies":[{"name":"wp","href":"https:\/\/api.w.org\/{rel}","templated":true}]}}