{"id":2717,"date":"2025-04-02T21:09:47","date_gmt":"2025-04-02T19:09:47","guid":{"rendered":"https:\/\/pfarrei-schwarzach-perasdorf.de\/?p=2717"},"modified":"2025-04-02T21:09:49","modified_gmt":"2025-04-02T19:09:49","slug":"bernhard-straeussl-als-mitglied-der-kirchenverwaltung-verabschiedet","status":"publish","type":"post","link":"https:\/\/pfarrei-schwarzach-perasdorf.de\/?p=2717","title":{"rendered":"Bernhard Str\u00e4u\u00dfl als Mitglied der Kirchenverwaltung verabschiedet"},"content":{"rendered":"\n<p>Am Ende des Sonntagsgottesdienstes wurde Bernhard Str\u00e4u\u00dfl als Kirchenverwaltungsmitglied von Pfarrer Hans-J\u00fcrgen Koller verabschiedet.<\/p>\n\n\n\n<p>Bernhard Str\u00e4u\u00dfl war 24 Jahre von 2001 bis 2024 Mitglied der Kirchenverwaltung. In dieser langen, ehrenamtlichen Zeit war er an wesentlichen Entscheidungen der Pfarrei im Bereich der Finanzen, Investitionen und Bauma\u00dfnahmen ma\u00dfgeblich beteiligt.<\/p>\n\n\n\n<p>Pfarrer Koller erw\u00e4hnte beispielhaft die Sanierung der B\u00fchelkapelle (2003), Au\u00dfensanierung der Wallfahrtskirche Wei\u00dfenberg (2004), Sanierung des Dachstuhles und Turmes der Pfarrkirche St. Martin, aktuell laufende Innenrenovierung der Pfarrkirche St. Martin, sowie den Ausbau der Kindertagesst\u00e4tte von 4 Gruppen auf 8 Gruppen.<\/p>\n\n\n\n<p>Er \u00fcberreichte ihm als Zeichen des Dankes eine Urkunde von Bischof Rudolf Voderholzer und einen Geschenkgutschein der Pfarrei. Die Pfarrgemeinde dankte mit einem anhaltenden Applaus.<\/p>\n\n\n\n<p>Text: Josef Ehrl<\/p>\n\n\n\n<p>Foto: Gerhard Tremmel<\/p>\n\n\n\n<figure class=\"wp-block-image size-large is-resized\"><img loading=\"lazy\" decoding=\"async\" width=\"768\" height=\"1024\" src=\"https:\/\/pfarrei-schwarzach-perasdorf.de\/wp-content\/uploads\/2025\/04\/cb3d55ac-98e2-4c50-8f93-db63b94b6f6e-768x1024.jpg\" alt=\"\" class=\"wp-image-2716\" style=\"width:601px;height:auto\" srcset=\"https:\/\/pfarrei-schwarzach-perasdorf.de\/wp-content\/uploads\/2025\/04\/cb3d55ac-98e2-4c50-8f93-db63b94b6f6e-768x1024.jpg 768w, https:\/\/pfarrei-schwarzach-perasdorf.de\/wp-content\/uploads\/2025\/04\/cb3d55ac-98e2-4c50-8f93-db63b94b6f6e-225x300.jpg 225w, https:\/\/pfarrei-schwarzach-perasdorf.de\/wp-content\/uploads\/2025\/04\/cb3d55ac-98e2-4c50-8f93-db63b94b6f6e-113x150.jpg 113w, https:\/\/pfarrei-schwarzach-perasdorf.de\/wp-content\/uploads\/2025\/04\/cb3d55ac-98e2-4c50-8f93-db63b94b6f6e-1152x1536.jpg 1152w, https:\/\/pfarrei-schwarzach-perasdorf.de\/wp-content\/uploads\/2025\/04\/cb3d55ac-98e2-4c50-8f93-db63b94b6f6e.jpg 1488w\" sizes=\"(max-width: 768px) 100vw, 768px\" \/><figcaption class=\"wp-element-caption\">\u00dcberreichung der Urkunde von Bischof Rudolf Voderholzer<\/figcaption><\/figure>\n\n\n\n<figure class=\"wp-block-image size-large is-resized\"><img loading=\"lazy\" decoding=\"async\" width=\"768\" height=\"1024\" src=\"https:\/\/pfarrei-schwarzach-perasdorf.de\/wp-content\/uploads\/2025\/04\/117f9ec2-52d0-415a-a4f3-c783411abfb5-768x1024.jpg\" alt=\"\" class=\"wp-image-2714\" style=\"width:602px;height:auto\" srcset=\"https:\/\/pfarrei-schwarzach-perasdorf.de\/wp-content\/uploads\/2025\/04\/117f9ec2-52d0-415a-a4f3-c783411abfb5-768x1024.jpg 768w, https:\/\/pfarrei-schwarzach-perasdorf.de\/wp-content\/uploads\/2025\/04\/117f9ec2-52d0-415a-a4f3-c783411abfb5-225x300.jpg 225w, https:\/\/pfarrei-schwarzach-perasdorf.de\/wp-content\/uploads\/2025\/04\/117f9ec2-52d0-415a-a4f3-c783411abfb5-113x150.jpg 113w, https:\/\/pfarrei-schwarzach-perasdorf.de\/wp-content\/uploads\/2025\/04\/117f9ec2-52d0-415a-a4f3-c783411abfb5-1152x1536.jpg 1152w, https:\/\/pfarrei-schwarzach-perasdorf.de\/wp-content\/uploads\/2025\/04\/117f9ec2-52d0-415a-a4f3-c783411abfb5.jpg 1488w\" sizes=\"(max-width: 768px) 100vw, 768px\" \/><\/figure>\n\n\n\n<figure class=\"wp-block-image size-large is-resized\"><img loading=\"lazy\" decoding=\"async\" width=\"1024\" height=\"768\" src=\"https:\/\/pfarrei-schwarzach-perasdorf.de\/wp-content\/uploads\/2025\/04\/a360aeaf-e3c9-4d53-a10e-ad396512a4f6-1024x768.jpg\" alt=\"\" class=\"wp-image-2715\" style=\"width:602px;height:auto\" srcset=\"https:\/\/pfarrei-schwarzach-perasdorf.de\/wp-content\/uploads\/2025\/04\/a360aeaf-e3c9-4d53-a10e-ad396512a4f6-1024x768.jpg 1024w, https:\/\/pfarrei-schwarzach-perasdorf.de\/wp-content\/uploads\/2025\/04\/a360aeaf-e3c9-4d53-a10e-ad396512a4f6-300x225.jpg 300w, https:\/\/pfarrei-schwarzach-perasdorf.de\/wp-content\/uploads\/2025\/04\/a360aeaf-e3c9-4d53-a10e-ad396512a4f6-150x113.jpg 150w, https:\/\/pfarrei-schwarzach-perasdorf.de\/wp-content\/uploads\/2025\/04\/a360aeaf-e3c9-4d53-a10e-ad396512a4f6-768x576.jpg 768w, https:\/\/pfarrei-schwarzach-perasdorf.de\/wp-content\/uploads\/2025\/04\/a360aeaf-e3c9-4d53-a10e-ad396512a4f6-1536x1152.jpg 1536w, https:\/\/pfarrei-schwarzach-perasdorf.de\/wp-content\/uploads\/2025\/04\/a360aeaf-e3c9-4d53-a10e-ad396512a4f6.jpg 1984w\" sizes=\"(max-width: 1024px) 100vw, 1024px\" \/><\/figure>\n\n\n\n<figure class=\"wp-block-image size-large is-resized\"><img loading=\"lazy\" decoding=\"async\" width=\"1024\" height=\"768\" src=\"https:\/\/pfarrei-schwarzach-perasdorf.de\/wp-content\/uploads\/2025\/04\/5e01a376-8dd4-461e-bda3-765a06b65cbd-1024x768.jpg\" alt=\"\" class=\"wp-image-2713\" style=\"width:605px;height:auto\" srcset=\"https:\/\/pfarrei-schwarzach-perasdorf.de\/wp-content\/uploads\/2025\/04\/5e01a376-8dd4-461e-bda3-765a06b65cbd-1024x768.jpg 1024w, https:\/\/pfarrei-schwarzach-perasdorf.de\/wp-content\/uploads\/2025\/04\/5e01a376-8dd4-461e-bda3-765a06b65cbd-300x225.jpg 300w, https:\/\/pfarrei-schwarzach-perasdorf.de\/wp-content\/uploads\/2025\/04\/5e01a376-8dd4-461e-bda3-765a06b65cbd-150x113.jpg 150w, https:\/\/pfarrei-schwarzach-perasdorf.de\/wp-content\/uploads\/2025\/04\/5e01a376-8dd4-461e-bda3-765a06b65cbd-768x576.jpg 768w, https:\/\/pfarrei-schwarzach-perasdorf.de\/wp-content\/uploads\/2025\/04\/5e01a376-8dd4-461e-bda3-765a06b65cbd-1536x1152.jpg 1536w, https:\/\/pfarrei-schwarzach-perasdorf.de\/wp-content\/uploads\/2025\/04\/5e01a376-8dd4-461e-bda3-765a06b65cbd.jpg 1984w\" sizes=\"(max-width: 1024px) 100vw, 1024px\" \/><\/figure>\n","protected":false},"excerpt":{"rendered":"<p>Am Ende des Sonntagsgottesdienstes wurde Bernhard Str\u00e4u\u00dfl als Kirchenverwaltungsmitglied von Pfarrer Hans-J\u00fcrgen Koller verabschiedet. Bernhard Str\u00e4u\u00dfl war 24 Jahre von 2001 bis 2024 Mitglied der Kirchenverwaltung. In dieser langen, ehrenamtlichen Zeit war er an wesentlichen Entscheidungen der Pfarrei im Bereich der Finanzen, Investitionen und Bauma\u00dfnahmen ma\u00dfgeblich beteiligt. Pfarrer Koller erw\u00e4hnte beispielhaft die Sanierung der B\u00fchelkapelle &#8230; <span class=\"more\"><a class=\"more-link\" href=\"https:\/\/pfarrei-schwarzach-perasdorf.de\/?p=2717\">[weiterlesen&#8230;]<\/a><\/span><\/p>\n","protected":false},"author":10,"featured_media":0,"comment_status":"closed","ping_status":"closed","sticky":false,"template":"","format":"standard","meta":{"footnotes":""},"categories":[6],"tags":[],"_links":{"self":[{"href":"https:\/\/pfarrei-schwarzach-perasdorf.de\/index.php?rest_route=\/wp\/v2\/posts\/2717"}],"collection":[{"href":"https:\/\/pfarrei-schwarzach-perasdorf.de\/index.php?rest_route=\/wp\/v2\/posts"}],"about":[{"href":"https:\/\/pfarrei-schwarzach-perasdorf.de\/index.php?rest_route=\/wp\/v2\/types\/post"}],"author":[{"embeddable":true,"href":"https:\/\/pfarrei-schwarzach-perasdorf.de\/index.php?rest_route=\/wp\/v2\/users\/10"}],"replies":[{"embeddable":true,"href":"https:\/\/pfarrei-schwarzach-perasdorf.de\/index.php?rest_route=%2Fwp%2Fv2%2Fcomments&post=2717"}],"version-history":[{"count":1,"href":"https:\/\/pfarrei-schwarzach-perasdorf.de\/index.php?rest_route=\/wp\/v2\/posts\/2717\/revisions"}],"predecessor-version":[{"id":2718,"href":"https:\/\/pfarrei-schwarzach-perasdorf.de\/index.php?rest_route=\/wp\/v2\/posts\/2717\/revisions\/2718"}],"wp:attachment":[{"href":"https:\/\/pfarrei-schwarzach-perasdorf.de\/index.php?rest_route=%2Fwp%2Fv2%2Fmedia&parent=2717"}],"wp:term":[{"taxonomy":"category","embeddable":true,"href":"https:\/\/pfarrei-schwarzach-perasdorf.de\/index.php?rest_route=%2Fwp%2Fv2%2Fcategories&post=2717"},{"taxonomy":"post_tag","embeddable":true,"href":"https:\/\/pfarrei-schwarzach-perasdorf.de\/index.php?rest_route=%2Fwp%2Fv2%2Ftags&post=2717"}],"curies":[{"name":"wp","href":"https:\/\/api.w.org\/{rel}","templated":true}]}}