{"id":2673,"date":"2025-03-13T14:06:54","date_gmt":"2025-03-13T13:06:54","guid":{"rendered":"https:\/\/pfarrei-schwarzach-perasdorf.de\/?p=2673"},"modified":"2025-03-13T14:06:57","modified_gmt":"2025-03-13T13:06:57","slug":"faschingsgottesdienst","status":"publish","type":"post","link":"https:\/\/pfarrei-schwarzach-perasdorf.de\/?p=2673","title":{"rendered":"Faschingsgottesdienst"},"content":{"rendered":"\n<p>Am Faschingssonntag war es in der schwarzacher Kirche besonders bunt. Viele maskierte Kinder und sogar ein paar verkleidete Erwachsene waren in der Kirche anzutreffen, denn die Pfarrei lud zu einem bunten Faschingsgottesdienst ein. Auch die Ministranten, Pfr. Koller und GR Bartlreiher waren kunterbunt angezogen.<br>Den H\u00f6hepunkt des Gottesdienstes bildete die gereimte Faschingspredigt von Pfr. Koller, der tatkr\u00e4ftig von den anwesenden Kindern unterst\u00fctzt wurde, die die Reime vollendeten.<br>Nach dem Gottesdienst verweilte man einige Zeit auf dem Kirchplatz und die Ministranten verteilten Krapfen an die Anwesenden.<br>Vergelt\u2019s Gott f\u00fcr alle Spenden, sie kommen den Ministranten zugute.<\/p>\n\n\n\n<figure class=\"wp-block-image size-full\"><img loading=\"lazy\" decoding=\"async\" width=\"873\" height=\"665\" src=\"https:\/\/pfarrei-schwarzach-perasdorf.de\/wp-content\/uploads\/2025\/03\/WhatsApp-Bild-2025-03-13-um-10.43.36_bd721b57.jpg\" alt=\"\" class=\"wp-image-2674\" srcset=\"https:\/\/pfarrei-schwarzach-perasdorf.de\/wp-content\/uploads\/2025\/03\/WhatsApp-Bild-2025-03-13-um-10.43.36_bd721b57.jpg 873w, https:\/\/pfarrei-schwarzach-perasdorf.de\/wp-content\/uploads\/2025\/03\/WhatsApp-Bild-2025-03-13-um-10.43.36_bd721b57-300x229.jpg 300w, https:\/\/pfarrei-schwarzach-perasdorf.de\/wp-content\/uploads\/2025\/03\/WhatsApp-Bild-2025-03-13-um-10.43.36_bd721b57-150x114.jpg 150w, https:\/\/pfarrei-schwarzach-perasdorf.de\/wp-content\/uploads\/2025\/03\/WhatsApp-Bild-2025-03-13-um-10.43.36_bd721b57-768x585.jpg 768w\" sizes=\"(max-width: 873px) 100vw, 873px\" \/><figcaption class=\"wp-element-caption\">Foto: Tremmel Beate<\/figcaption><\/figure>\n\n\n\n<figure class=\"wp-block-image size-large\"><img loading=\"lazy\" decoding=\"async\" width=\"1024\" height=\"768\" src=\"https:\/\/pfarrei-schwarzach-perasdorf.de\/wp-content\/uploads\/2025\/03\/WhatsApp-Bild-2025-03-02-um-15.06.08_adb76c46-1024x768.jpg\" alt=\"\" class=\"wp-image-2675\" srcset=\"https:\/\/pfarrei-schwarzach-perasdorf.de\/wp-content\/uploads\/2025\/03\/WhatsApp-Bild-2025-03-02-um-15.06.08_adb76c46-1024x768.jpg 1024w, https:\/\/pfarrei-schwarzach-perasdorf.de\/wp-content\/uploads\/2025\/03\/WhatsApp-Bild-2025-03-02-um-15.06.08_adb76c46-300x225.jpg 300w, https:\/\/pfarrei-schwarzach-perasdorf.de\/wp-content\/uploads\/2025\/03\/WhatsApp-Bild-2025-03-02-um-15.06.08_adb76c46-150x113.jpg 150w, https:\/\/pfarrei-schwarzach-perasdorf.de\/wp-content\/uploads\/2025\/03\/WhatsApp-Bild-2025-03-02-um-15.06.08_adb76c46-768x576.jpg 768w, https:\/\/pfarrei-schwarzach-perasdorf.de\/wp-content\/uploads\/2025\/03\/WhatsApp-Bild-2025-03-02-um-15.06.08_adb76c46-1536x1152.jpg 1536w, https:\/\/pfarrei-schwarzach-perasdorf.de\/wp-content\/uploads\/2025\/03\/WhatsApp-Bild-2025-03-02-um-15.06.08_adb76c46.jpg 2048w\" sizes=\"(max-width: 1024px) 100vw, 1024px\" \/><figcaption class=\"wp-element-caption\">Foto: Michaela Bartlreiher<\/figcaption><\/figure>\n","protected":false},"excerpt":{"rendered":"<p>Am Faschingssonntag war es in der schwarzacher Kirche besonders bunt. Viele maskierte Kinder und sogar ein paar verkleidete Erwachsene waren in der Kirche anzutreffen, denn die Pfarrei lud zu einem bunten Faschingsgottesdienst ein. Auch die Ministranten, Pfr. Koller und GR Bartlreiher waren kunterbunt angezogen.Den H\u00f6hepunkt des Gottesdienstes bildete die gereimte Faschingspredigt von Pfr. Koller, der &#8230; <span class=\"more\"><a class=\"more-link\" href=\"https:\/\/pfarrei-schwarzach-perasdorf.de\/?p=2673\">[weiterlesen&#8230;]<\/a><\/span><\/p>\n","protected":false},"author":9,"featured_media":0,"comment_status":"closed","ping_status":"closed","sticky":false,"template":"","format":"standard","meta":{"footnotes":""},"categories":[6],"tags":[],"_links":{"self":[{"href":"https:\/\/pfarrei-schwarzach-perasdorf.de\/index.php?rest_route=\/wp\/v2\/posts\/2673"}],"collection":[{"href":"https:\/\/pfarrei-schwarzach-perasdorf.de\/index.php?rest_route=\/wp\/v2\/posts"}],"about":[{"href":"https:\/\/pfarrei-schwarzach-perasdorf.de\/index.php?rest_route=\/wp\/v2\/types\/post"}],"author":[{"embeddable":true,"href":"https:\/\/pfarrei-schwarzach-perasdorf.de\/index.php?rest_route=\/wp\/v2\/users\/9"}],"replies":[{"embeddable":true,"href":"https:\/\/pfarrei-schwarzach-perasdorf.de\/index.php?rest_route=%2Fwp%2Fv2%2Fcomments&post=2673"}],"version-history":[{"count":1,"href":"https:\/\/pfarrei-schwarzach-perasdorf.de\/index.php?rest_route=\/wp\/v2\/posts\/2673\/revisions"}],"predecessor-version":[{"id":2676,"href":"https:\/\/pfarrei-schwarzach-perasdorf.de\/index.php?rest_route=\/wp\/v2\/posts\/2673\/revisions\/2676"}],"wp:attachment":[{"href":"https:\/\/pfarrei-schwarzach-perasdorf.de\/index.php?rest_route=%2Fwp%2Fv2%2Fmedia&parent=2673"}],"wp:term":[{"taxonomy":"category","embeddable":true,"href":"https:\/\/pfarrei-schwarzach-perasdorf.de\/index.php?rest_route=%2Fwp%2Fv2%2Fcategories&post=2673"},{"taxonomy":"post_tag","embeddable":true,"href":"https:\/\/pfarrei-schwarzach-perasdorf.de\/index.php?rest_route=%2Fwp%2Fv2%2Ftags&post=2673"}],"curies":[{"name":"wp","href":"https:\/\/api.w.org\/{rel}","templated":true}]}}