{"id":2660,"date":"2025-02-26T14:13:47","date_gmt":"2025-02-26T13:13:47","guid":{"rendered":"https:\/\/pfarrei-schwarzach-perasdorf.de\/?p=2660"},"modified":"2025-02-26T14:13:49","modified_gmt":"2025-02-26T13:13:49","slug":"familiengottesdienst-zu-fasching","status":"publish","type":"post","link":"https:\/\/pfarrei-schwarzach-perasdorf.de\/?p=2660","title":{"rendered":"Familiengottesdienst zu Fasching"},"content":{"rendered":"\n<figure class=\"wp-block-image size-large is-resized\"><img loading=\"lazy\" decoding=\"async\" width=\"1024\" height=\"819\" src=\"https:\/\/pfarrei-schwarzach-perasdorf.de\/wp-content\/uploads\/2025\/02\/Fasching-1024x819.jpg\" alt=\"\" class=\"wp-image-2661\" style=\"width:249px;height:auto\" srcset=\"https:\/\/pfarrei-schwarzach-perasdorf.de\/wp-content\/uploads\/2025\/02\/Fasching-1024x819.jpg 1024w, https:\/\/pfarrei-schwarzach-perasdorf.de\/wp-content\/uploads\/2025\/02\/Fasching-300x240.jpg 300w, https:\/\/pfarrei-schwarzach-perasdorf.de\/wp-content\/uploads\/2025\/02\/Fasching-150x120.jpg 150w, https:\/\/pfarrei-schwarzach-perasdorf.de\/wp-content\/uploads\/2025\/02\/Fasching-768x614.jpg 768w, https:\/\/pfarrei-schwarzach-perasdorf.de\/wp-content\/uploads\/2025\/02\/Fasching.jpg 1280w\" sizes=\"(max-width: 1024px) 100vw, 1024px\" \/><\/figure>\n\n\n\n<p>Helau \u2013 Schwarzach\/Perasdorf &#8211; Helau<br>Das wollen wir in der Pfarreiengemeinschaft Schwarzach-Perasdorf<br>am <strong>Sonntag, den 02.03.2025 um 10.00 Uhr in Schwarzach im Gottesdienst<\/strong> feiern. <br>Wir sagen Gott f\u00fcr unser Freude, den Spa\u00df und die Gaudi im Leben ein Dankesch\u00f6n. <\/p>\n\n\n\n<p>Kinder d\u00fcrfen gerne verkleidet kommen!<\/p>\n\n\n\n<p>Nach dem Gottesdienst verteilen die Ministraten Krapfen<\/p>\n\n\n\n<p><em>Pfr Koller und GR Bartlreiher<\/em><\/p>\n","protected":false},"excerpt":{"rendered":"<p>Helau \u2013 Schwarzach\/Perasdorf &#8211; HelauDas wollen wir in der Pfarreiengemeinschaft Schwarzach-Perasdorfam Sonntag, den 02.03.2025 um 10.00 Uhr in Schwarzach im Gottesdienst feiern. Wir sagen Gott f\u00fcr unser Freude, den Spa\u00df und die Gaudi im Leben ein Dankesch\u00f6n. Kinder d\u00fcrfen gerne verkleidet kommen! Nach dem Gottesdienst verteilen die Ministraten Krapfen Pfr Koller und GR Bartlreiher<\/p>\n","protected":false},"author":9,"featured_media":0,"comment_status":"closed","ping_status":"closed","sticky":false,"template":"","format":"standard","meta":{"footnotes":""},"categories":[6],"tags":[],"_links":{"self":[{"href":"https:\/\/pfarrei-schwarzach-perasdorf.de\/index.php?rest_route=\/wp\/v2\/posts\/2660"}],"collection":[{"href":"https:\/\/pfarrei-schwarzach-perasdorf.de\/index.php?rest_route=\/wp\/v2\/posts"}],"about":[{"href":"https:\/\/pfarrei-schwarzach-perasdorf.de\/index.php?rest_route=\/wp\/v2\/types\/post"}],"author":[{"embeddable":true,"href":"https:\/\/pfarrei-schwarzach-perasdorf.de\/index.php?rest_route=\/wp\/v2\/users\/9"}],"replies":[{"embeddable":true,"href":"https:\/\/pfarrei-schwarzach-perasdorf.de\/index.php?rest_route=%2Fwp%2Fv2%2Fcomments&post=2660"}],"version-history":[{"count":1,"href":"https:\/\/pfarrei-schwarzach-perasdorf.de\/index.php?rest_route=\/wp\/v2\/posts\/2660\/revisions"}],"predecessor-version":[{"id":2662,"href":"https:\/\/pfarrei-schwarzach-perasdorf.de\/index.php?rest_route=\/wp\/v2\/posts\/2660\/revisions\/2662"}],"wp:attachment":[{"href":"https:\/\/pfarrei-schwarzach-perasdorf.de\/index.php?rest_route=%2Fwp%2Fv2%2Fmedia&parent=2660"}],"wp:term":[{"taxonomy":"category","embeddable":true,"href":"https:\/\/pfarrei-schwarzach-perasdorf.de\/index.php?rest_route=%2Fwp%2Fv2%2Fcategories&post=2660"},{"taxonomy":"post_tag","embeddable":true,"href":"https:\/\/pfarrei-schwarzach-perasdorf.de\/index.php?rest_route=%2Fwp%2Fv2%2Ftags&post=2660"}],"curies":[{"name":"wp","href":"https:\/\/api.w.org\/{rel}","templated":true}]}}