{"id":2578,"date":"2025-01-07T13:34:59","date_gmt":"2025-01-07T12:34:59","guid":{"rendered":"https:\/\/pfarrei-schwarzach-perasdorf.de\/?p=2578"},"modified":"2025-01-07T13:35:01","modified_gmt":"2025-01-07T12:35:01","slug":"krippenspiel-in-schwarzach","status":"publish","type":"post","link":"https:\/\/pfarrei-schwarzach-perasdorf.de\/?p=2578","title":{"rendered":"Krippenspiel in Schwarzach"},"content":{"rendered":"\n<p>Auch dieses Jahr fand am Heiligabend um 16.00 wieder das Krippenspiel statt.<br>Gestaltet wurde es von Kindern aus der dritten Klasse gemeinsam mit Gemeindereferent Martin Bartlreiher.<br>Nach viel lernen und \u00fcben wurde die Auff\u00fchrung von der Herbergssuche, in der bis zum letzten Platz gef\u00fcllten Kirche, zu einem gro\u00dfen Erfolg.<br>Musikalisch umrahmt wurde der Gottesdienst vom Chor Jona und Jakob Tremmel an der Orgel<br>Allen Mitwirkenden vielen lieben Dank f\u00fcrs mitmachen und gestalten!<\/p>\n\n\n\n<figure class=\"wp-block-image size-large\"><img loading=\"lazy\" decoding=\"async\" width=\"1024\" height=\"768\" src=\"https:\/\/pfarrei-schwarzach-perasdorf.de\/wp-content\/uploads\/2025\/01\/Krippenspiel-Martin-Bartlreiher-1024x768.jpg\" alt=\"\" class=\"wp-image-2579\" srcset=\"https:\/\/pfarrei-schwarzach-perasdorf.de\/wp-content\/uploads\/2025\/01\/Krippenspiel-Martin-Bartlreiher-1024x768.jpg 1024w, https:\/\/pfarrei-schwarzach-perasdorf.de\/wp-content\/uploads\/2025\/01\/Krippenspiel-Martin-Bartlreiher-300x225.jpg 300w, https:\/\/pfarrei-schwarzach-perasdorf.de\/wp-content\/uploads\/2025\/01\/Krippenspiel-Martin-Bartlreiher-150x113.jpg 150w, https:\/\/pfarrei-schwarzach-perasdorf.de\/wp-content\/uploads\/2025\/01\/Krippenspiel-Martin-Bartlreiher-768x576.jpg 768w, https:\/\/pfarrei-schwarzach-perasdorf.de\/wp-content\/uploads\/2025\/01\/Krippenspiel-Martin-Bartlreiher-1536x1152.jpg 1536w, https:\/\/pfarrei-schwarzach-perasdorf.de\/wp-content\/uploads\/2025\/01\/Krippenspiel-Martin-Bartlreiher-2048x1536.jpg 2048w\" sizes=\"(max-width: 1024px) 100vw, 1024px\" \/><figcaption class=\"wp-element-caption\">Foto: Martin Bartlreiher<\/figcaption><\/figure>\n","protected":false},"excerpt":{"rendered":"<p>Auch dieses Jahr fand am Heiligabend um 16.00 wieder das Krippenspiel statt.Gestaltet wurde es von Kindern aus der dritten Klasse gemeinsam mit Gemeindereferent Martin Bartlreiher.Nach viel lernen und \u00fcben wurde die Auff\u00fchrung von der Herbergssuche, in der bis zum letzten Platz gef\u00fcllten Kirche, zu einem gro\u00dfen Erfolg.Musikalisch umrahmt wurde der Gottesdienst vom Chor Jona und &#8230; <span class=\"more\"><a class=\"more-link\" href=\"https:\/\/pfarrei-schwarzach-perasdorf.de\/?p=2578\">[weiterlesen&#8230;]<\/a><\/span><\/p>\n","protected":false},"author":9,"featured_media":0,"comment_status":"closed","ping_status":"closed","sticky":false,"template":"","format":"standard","meta":{"footnotes":""},"categories":[6],"tags":[],"_links":{"self":[{"href":"https:\/\/pfarrei-schwarzach-perasdorf.de\/index.php?rest_route=\/wp\/v2\/posts\/2578"}],"collection":[{"href":"https:\/\/pfarrei-schwarzach-perasdorf.de\/index.php?rest_route=\/wp\/v2\/posts"}],"about":[{"href":"https:\/\/pfarrei-schwarzach-perasdorf.de\/index.php?rest_route=\/wp\/v2\/types\/post"}],"author":[{"embeddable":true,"href":"https:\/\/pfarrei-schwarzach-perasdorf.de\/index.php?rest_route=\/wp\/v2\/users\/9"}],"replies":[{"embeddable":true,"href":"https:\/\/pfarrei-schwarzach-perasdorf.de\/index.php?rest_route=%2Fwp%2Fv2%2Fcomments&post=2578"}],"version-history":[{"count":1,"href":"https:\/\/pfarrei-schwarzach-perasdorf.de\/index.php?rest_route=\/wp\/v2\/posts\/2578\/revisions"}],"predecessor-version":[{"id":2580,"href":"https:\/\/pfarrei-schwarzach-perasdorf.de\/index.php?rest_route=\/wp\/v2\/posts\/2578\/revisions\/2580"}],"wp:attachment":[{"href":"https:\/\/pfarrei-schwarzach-perasdorf.de\/index.php?rest_route=%2Fwp%2Fv2%2Fmedia&parent=2578"}],"wp:term":[{"taxonomy":"category","embeddable":true,"href":"https:\/\/pfarrei-schwarzach-perasdorf.de\/index.php?rest_route=%2Fwp%2Fv2%2Fcategories&post=2578"},{"taxonomy":"post_tag","embeddable":true,"href":"https:\/\/pfarrei-schwarzach-perasdorf.de\/index.php?rest_route=%2Fwp%2Fv2%2Ftags&post=2578"}],"curies":[{"name":"wp","href":"https:\/\/api.w.org\/{rel}","templated":true}]}}