{"id":2569,"date":"2025-01-07T13:15:53","date_gmt":"2025-01-07T12:15:53","guid":{"rendered":"https:\/\/pfarrei-schwarzach-perasdorf.de\/?p=2569"},"modified":"2025-01-07T13:20:14","modified_gmt":"2025-01-07T12:20:14","slug":"ministranten-weihnachtsfeier","status":"publish","type":"post","link":"https:\/\/pfarrei-schwarzach-perasdorf.de\/?p=2569","title":{"rendered":"Ministranten Weihnachtsfeier"},"content":{"rendered":"\n<p>Ministranten Weihnachtsfeier<\/p>\n\n\n\n<p>Es geh\u00f6rt schon zur Tradition, dass sich die Ministranten kurz vor Weihnachten zu einer Adventfeier treffen. Dort wurde zuerst die Sternsingeraktion besprochen, bevor es dann zum besinnlich-lustigen Teil \u00fcberging zu dem auch die Sternsinger eingeladen waren, die selbst keine Ministranten sind.<br>Ein Adventslied und die obligatorisch lustige Weihnachtsgeschichte durfte nat\u00fcrlich nicht fehlen, bevor es dann Pl\u00e4tzchen, Punsch und Kuchen gab.<\/p>\n\n\n\n<figure class=\"wp-block-image size-large\"><img loading=\"lazy\" decoding=\"async\" width=\"1024\" height=\"768\" src=\"https:\/\/pfarrei-schwarzach-perasdorf.de\/wp-content\/uploads\/2025\/01\/Minis-1-Hans-Juergen-Koller-1024x768.jpg\" alt=\"\" class=\"wp-image-2570\" srcset=\"https:\/\/pfarrei-schwarzach-perasdorf.de\/wp-content\/uploads\/2025\/01\/Minis-1-Hans-Juergen-Koller-1024x768.jpg 1024w, https:\/\/pfarrei-schwarzach-perasdorf.de\/wp-content\/uploads\/2025\/01\/Minis-1-Hans-Juergen-Koller-300x225.jpg 300w, https:\/\/pfarrei-schwarzach-perasdorf.de\/wp-content\/uploads\/2025\/01\/Minis-1-Hans-Juergen-Koller-150x113.jpg 150w, https:\/\/pfarrei-schwarzach-perasdorf.de\/wp-content\/uploads\/2025\/01\/Minis-1-Hans-Juergen-Koller-768x576.jpg 768w, https:\/\/pfarrei-schwarzach-perasdorf.de\/wp-content\/uploads\/2025\/01\/Minis-1-Hans-Juergen-Koller-1536x1152.jpg 1536w, https:\/\/pfarrei-schwarzach-perasdorf.de\/wp-content\/uploads\/2025\/01\/Minis-1-Hans-Juergen-Koller.jpg 2000w\" sizes=\"(max-width: 1024px) 100vw, 1024px\" \/><figcaption class=\"wp-element-caption\">Foto: Hans-J\u00fcrgen Koller<\/figcaption><\/figure>\n\n\n\n<p><br>Als Geschenk gab es diesmal Pullover mit einem speziell f\u00fcr unsere Ministranten gestalteten Logo. Hier sei nochmal ein herzlicher Dank an Kristina Wenninger, f\u00fcr die einmalige Gestaltung, gesagt.<\/p>\n\n\n\n<figure class=\"wp-block-image size-large\"><img loading=\"lazy\" decoding=\"async\" width=\"1024\" height=\"768\" src=\"https:\/\/pfarrei-schwarzach-perasdorf.de\/wp-content\/uploads\/2025\/01\/Minis-Martin-Bartlreiher-1024x768.jpg\" alt=\"\" class=\"wp-image-2571\" srcset=\"https:\/\/pfarrei-schwarzach-perasdorf.de\/wp-content\/uploads\/2025\/01\/Minis-Martin-Bartlreiher-1024x768.jpg 1024w, https:\/\/pfarrei-schwarzach-perasdorf.de\/wp-content\/uploads\/2025\/01\/Minis-Martin-Bartlreiher-300x225.jpg 300w, https:\/\/pfarrei-schwarzach-perasdorf.de\/wp-content\/uploads\/2025\/01\/Minis-Martin-Bartlreiher-150x113.jpg 150w, https:\/\/pfarrei-schwarzach-perasdorf.de\/wp-content\/uploads\/2025\/01\/Minis-Martin-Bartlreiher-768x576.jpg 768w, https:\/\/pfarrei-schwarzach-perasdorf.de\/wp-content\/uploads\/2025\/01\/Minis-Martin-Bartlreiher-1536x1152.jpg 1536w, https:\/\/pfarrei-schwarzach-perasdorf.de\/wp-content\/uploads\/2025\/01\/Minis-Martin-Bartlreiher-2048x1536.jpg 2048w\" sizes=\"(max-width: 1024px) 100vw, 1024px\" \/><figcaption class=\"wp-element-caption\">Foto: Martin Bartlreiher<\/figcaption><\/figure>\n\n\n\n<p>Vielen Dank unseren Ministranten aus unserer Pfarreiengemeinschaft f\u00fcr ihren flei\u00dfigen und zuverl\u00e4ssigen Dienst, das ganze Jahr \u00fcber.<br>Danke m\u00f6chte ich aber an dieser Stelle auch ganz bewusst allen Eltern und Gro\u00dfeltern und allen anderen Unterst\u00fctzern sagen, die alles erst m\u00f6glich machen.<\/p>\n","protected":false},"excerpt":{"rendered":"<p>Ministranten Weihnachtsfeier Es geh\u00f6rt schon zur Tradition, dass sich die Ministranten kurz vor Weihnachten zu einer Adventfeier treffen. Dort wurde zuerst die Sternsingeraktion besprochen, bevor es dann zum besinnlich-lustigen Teil \u00fcberging zu dem auch die Sternsinger eingeladen waren, die selbst keine Ministranten sind.Ein Adventslied und die obligatorisch lustige Weihnachtsgeschichte durfte nat\u00fcrlich nicht fehlen, bevor es &#8230; <span class=\"more\"><a class=\"more-link\" href=\"https:\/\/pfarrei-schwarzach-perasdorf.de\/?p=2569\">[weiterlesen&#8230;]<\/a><\/span><\/p>\n","protected":false},"author":9,"featured_media":0,"comment_status":"closed","ping_status":"closed","sticky":false,"template":"","format":"standard","meta":{"footnotes":""},"categories":[6],"tags":[],"_links":{"self":[{"href":"https:\/\/pfarrei-schwarzach-perasdorf.de\/index.php?rest_route=\/wp\/v2\/posts\/2569"}],"collection":[{"href":"https:\/\/pfarrei-schwarzach-perasdorf.de\/index.php?rest_route=\/wp\/v2\/posts"}],"about":[{"href":"https:\/\/pfarrei-schwarzach-perasdorf.de\/index.php?rest_route=\/wp\/v2\/types\/post"}],"author":[{"embeddable":true,"href":"https:\/\/pfarrei-schwarzach-perasdorf.de\/index.php?rest_route=\/wp\/v2\/users\/9"}],"replies":[{"embeddable":true,"href":"https:\/\/pfarrei-schwarzach-perasdorf.de\/index.php?rest_route=%2Fwp%2Fv2%2Fcomments&post=2569"}],"version-history":[{"count":2,"href":"https:\/\/pfarrei-schwarzach-perasdorf.de\/index.php?rest_route=\/wp\/v2\/posts\/2569\/revisions"}],"predecessor-version":[{"id":2574,"href":"https:\/\/pfarrei-schwarzach-perasdorf.de\/index.php?rest_route=\/wp\/v2\/posts\/2569\/revisions\/2574"}],"wp:attachment":[{"href":"https:\/\/pfarrei-schwarzach-perasdorf.de\/index.php?rest_route=%2Fwp%2Fv2%2Fmedia&parent=2569"}],"wp:term":[{"taxonomy":"category","embeddable":true,"href":"https:\/\/pfarrei-schwarzach-perasdorf.de\/index.php?rest_route=%2Fwp%2Fv2%2Fcategories&post=2569"},{"taxonomy":"post_tag","embeddable":true,"href":"https:\/\/pfarrei-schwarzach-perasdorf.de\/index.php?rest_route=%2Fwp%2Fv2%2Ftags&post=2569"}],"curies":[{"name":"wp","href":"https:\/\/api.w.org\/{rel}","templated":true}]}}