{"id":2544,"date":"2024-11-27T12:10:00","date_gmt":"2024-11-27T11:10:00","guid":{"rendered":"https:\/\/pfarrei-schwarzach-perasdorf.de\/?p=2544"},"modified":"2024-11-27T12:10:02","modified_gmt":"2024-11-27T11:10:02","slug":"3-neue-ministranten-fuer-schwarzach","status":"publish","type":"post","link":"https:\/\/pfarrei-schwarzach-perasdorf.de\/?p=2544","title":{"rendered":"3 Neue Ministranten f\u00fcr Schwarzach"},"content":{"rendered":"\n<p>Der letzte Sonntag war f\u00fcr unsere Pfarrei Schwarzach ein besonderer Tag, denn es wurden drei neue Ministranten aufgenommen. Magdalena Kistler, Franz Venus und Kilian Serfling.<br>Wer glaubt ist nie allein, so legte GR Martin Bartlreiher in seiner Predigt dar, vor allem nicht bei den Ministranten. Denn neben dem Dienst am Altar geh\u00f6ren noch viele andere Dinge wie Gruppenstunden, Ausfl\u00fcge und gemeinsame Feiern dazu, erkl\u00e4rten die Zwei Oberministrantinnen Kristina Wenninger und Magdalena Geiger.<br>Ebenfalls wurden 4 Ministranten verabschiedet. Christina Krump, Emilia Reschke, Leonie Graf und Marie Karl Sie erhielten je eine Urkunde f\u00fcr 14, 3 und zweimal 1 Jahre Dienst als Ministranten und ein Abschiedsgeschenk.<\/p>\n\n\n\n<figure class=\"wp-block-image size-large\"><img loading=\"lazy\" decoding=\"async\" width=\"1024\" height=\"473\" src=\"https:\/\/pfarrei-schwarzach-perasdorf.de\/wp-content\/uploads\/2024\/11\/signal-2024-11-24-152717_010-1024x473.jpeg\" alt=\"\" class=\"wp-image-2545\" srcset=\"https:\/\/pfarrei-schwarzach-perasdorf.de\/wp-content\/uploads\/2024\/11\/signal-2024-11-24-152717_010-1024x473.jpeg 1024w, https:\/\/pfarrei-schwarzach-perasdorf.de\/wp-content\/uploads\/2024\/11\/signal-2024-11-24-152717_010-300x139.jpeg 300w, https:\/\/pfarrei-schwarzach-perasdorf.de\/wp-content\/uploads\/2024\/11\/signal-2024-11-24-152717_010-150x69.jpeg 150w, https:\/\/pfarrei-schwarzach-perasdorf.de\/wp-content\/uploads\/2024\/11\/signal-2024-11-24-152717_010-768x355.jpeg 768w, https:\/\/pfarrei-schwarzach-perasdorf.de\/wp-content\/uploads\/2024\/11\/signal-2024-11-24-152717_010-1536x710.jpeg 1536w, https:\/\/pfarrei-schwarzach-perasdorf.de\/wp-content\/uploads\/2024\/11\/signal-2024-11-24-152717_010.jpeg 2048w\" sizes=\"(max-width: 1024px) 100vw, 1024px\" \/><\/figure>\n\n\n\n<figure class=\"wp-block-image size-large\"><img loading=\"lazy\" decoding=\"async\" width=\"1024\" height=\"473\" src=\"https:\/\/pfarrei-schwarzach-perasdorf.de\/wp-content\/uploads\/2024\/11\/signal-2024-11-24-154811_002-1024x473.jpeg\" alt=\"\" class=\"wp-image-2546\" srcset=\"https:\/\/pfarrei-schwarzach-perasdorf.de\/wp-content\/uploads\/2024\/11\/signal-2024-11-24-154811_002-1024x473.jpeg 1024w, https:\/\/pfarrei-schwarzach-perasdorf.de\/wp-content\/uploads\/2024\/11\/signal-2024-11-24-154811_002-300x139.jpeg 300w, https:\/\/pfarrei-schwarzach-perasdorf.de\/wp-content\/uploads\/2024\/11\/signal-2024-11-24-154811_002-150x69.jpeg 150w, https:\/\/pfarrei-schwarzach-perasdorf.de\/wp-content\/uploads\/2024\/11\/signal-2024-11-24-154811_002-768x355.jpeg 768w, https:\/\/pfarrei-schwarzach-perasdorf.de\/wp-content\/uploads\/2024\/11\/signal-2024-11-24-154811_002-1536x710.jpeg 1536w, https:\/\/pfarrei-schwarzach-perasdorf.de\/wp-content\/uploads\/2024\/11\/signal-2024-11-24-154811_002.jpeg 2048w\" sizes=\"(max-width: 1024px) 100vw, 1024px\" \/><\/figure>\n\n\n\n<figure class=\"wp-block-image size-large\"><img loading=\"lazy\" decoding=\"async\" width=\"1024\" height=\"768\" src=\"https:\/\/pfarrei-schwarzach-perasdorf.de\/wp-content\/uploads\/2024\/11\/WhatsApp-Bild-2024-11-24-um-13.38.06_5e4d6f66-1024x768.jpg\" alt=\"\" class=\"wp-image-2547\" srcset=\"https:\/\/pfarrei-schwarzach-perasdorf.de\/wp-content\/uploads\/2024\/11\/WhatsApp-Bild-2024-11-24-um-13.38.06_5e4d6f66-1024x768.jpg 1024w, https:\/\/pfarrei-schwarzach-perasdorf.de\/wp-content\/uploads\/2024\/11\/WhatsApp-Bild-2024-11-24-um-13.38.06_5e4d6f66-300x225.jpg 300w, https:\/\/pfarrei-schwarzach-perasdorf.de\/wp-content\/uploads\/2024\/11\/WhatsApp-Bild-2024-11-24-um-13.38.06_5e4d6f66-150x113.jpg 150w, https:\/\/pfarrei-schwarzach-perasdorf.de\/wp-content\/uploads\/2024\/11\/WhatsApp-Bild-2024-11-24-um-13.38.06_5e4d6f66-768x576.jpg 768w, https:\/\/pfarrei-schwarzach-perasdorf.de\/wp-content\/uploads\/2024\/11\/WhatsApp-Bild-2024-11-24-um-13.38.06_5e4d6f66-1536x1152.jpg 1536w, https:\/\/pfarrei-schwarzach-perasdorf.de\/wp-content\/uploads\/2024\/11\/WhatsApp-Bild-2024-11-24-um-13.38.06_5e4d6f66.jpg 1600w\" sizes=\"(max-width: 1024px) 100vw, 1024px\" \/><\/figure>\n\n\n\n<figure class=\"wp-block-image size-large\"><img loading=\"lazy\" decoding=\"async\" width=\"1024\" height=\"768\" src=\"https:\/\/pfarrei-schwarzach-perasdorf.de\/wp-content\/uploads\/2024\/11\/WhatsApp-Bild-2024-11-24-um-13.38.08_b0cfe595-1024x768.jpg\" alt=\"\" class=\"wp-image-2548\" srcset=\"https:\/\/pfarrei-schwarzach-perasdorf.de\/wp-content\/uploads\/2024\/11\/WhatsApp-Bild-2024-11-24-um-13.38.08_b0cfe595-1024x768.jpg 1024w, https:\/\/pfarrei-schwarzach-perasdorf.de\/wp-content\/uploads\/2024\/11\/WhatsApp-Bild-2024-11-24-um-13.38.08_b0cfe595-300x225.jpg 300w, https:\/\/pfarrei-schwarzach-perasdorf.de\/wp-content\/uploads\/2024\/11\/WhatsApp-Bild-2024-11-24-um-13.38.08_b0cfe595-150x113.jpg 150w, https:\/\/pfarrei-schwarzach-perasdorf.de\/wp-content\/uploads\/2024\/11\/WhatsApp-Bild-2024-11-24-um-13.38.08_b0cfe595-768x576.jpg 768w, https:\/\/pfarrei-schwarzach-perasdorf.de\/wp-content\/uploads\/2024\/11\/WhatsApp-Bild-2024-11-24-um-13.38.08_b0cfe595-1536x1152.jpg 1536w, https:\/\/pfarrei-schwarzach-perasdorf.de\/wp-content\/uploads\/2024\/11\/WhatsApp-Bild-2024-11-24-um-13.38.08_b0cfe595.jpg 2048w\" sizes=\"(max-width: 1024px) 100vw, 1024px\" \/><\/figure>\n","protected":false},"excerpt":{"rendered":"<p>Der letzte Sonntag war f\u00fcr unsere Pfarrei Schwarzach ein besonderer Tag, denn es wurden drei neue Ministranten aufgenommen. Magdalena Kistler, Franz Venus und Kilian Serfling.Wer glaubt ist nie allein, so legte GR Martin Bartlreiher in seiner Predigt dar, vor allem nicht bei den Ministranten. Denn neben dem Dienst am Altar geh\u00f6ren noch viele andere Dinge &#8230; <span class=\"more\"><a class=\"more-link\" href=\"https:\/\/pfarrei-schwarzach-perasdorf.de\/?p=2544\">[weiterlesen&#8230;]<\/a><\/span><\/p>\n","protected":false},"author":9,"featured_media":0,"comment_status":"closed","ping_status":"closed","sticky":false,"template":"","format":"standard","meta":{"footnotes":""},"categories":[6],"tags":[],"_links":{"self":[{"href":"https:\/\/pfarrei-schwarzach-perasdorf.de\/index.php?rest_route=\/wp\/v2\/posts\/2544"}],"collection":[{"href":"https:\/\/pfarrei-schwarzach-perasdorf.de\/index.php?rest_route=\/wp\/v2\/posts"}],"about":[{"href":"https:\/\/pfarrei-schwarzach-perasdorf.de\/index.php?rest_route=\/wp\/v2\/types\/post"}],"author":[{"embeddable":true,"href":"https:\/\/pfarrei-schwarzach-perasdorf.de\/index.php?rest_route=\/wp\/v2\/users\/9"}],"replies":[{"embeddable":true,"href":"https:\/\/pfarrei-schwarzach-perasdorf.de\/index.php?rest_route=%2Fwp%2Fv2%2Fcomments&post=2544"}],"version-history":[{"count":1,"href":"https:\/\/pfarrei-schwarzach-perasdorf.de\/index.php?rest_route=\/wp\/v2\/posts\/2544\/revisions"}],"predecessor-version":[{"id":2549,"href":"https:\/\/pfarrei-schwarzach-perasdorf.de\/index.php?rest_route=\/wp\/v2\/posts\/2544\/revisions\/2549"}],"wp:attachment":[{"href":"https:\/\/pfarrei-schwarzach-perasdorf.de\/index.php?rest_route=%2Fwp%2Fv2%2Fmedia&parent=2544"}],"wp:term":[{"taxonomy":"category","embeddable":true,"href":"https:\/\/pfarrei-schwarzach-perasdorf.de\/index.php?rest_route=%2Fwp%2Fv2%2Fcategories&post=2544"},{"taxonomy":"post_tag","embeddable":true,"href":"https:\/\/pfarrei-schwarzach-perasdorf.de\/index.php?rest_route=%2Fwp%2Fv2%2Ftags&post=2544"}],"curies":[{"name":"wp","href":"https:\/\/api.w.org\/{rel}","templated":true}]}}