{"id":2536,"date":"2024-11-12T13:27:11","date_gmt":"2024-11-12T12:27:11","guid":{"rendered":"https:\/\/pfarrei-schwarzach-perasdorf.de\/?p=2536"},"modified":"2024-11-12T13:27:13","modified_gmt":"2024-11-12T12:27:13","slug":"geaenderte-gottesdienstzeit-am-samstag-16-11","status":"publish","type":"post","link":"https:\/\/pfarrei-schwarzach-perasdorf.de\/?p=2536","title":{"rendered":"Ge\u00e4nderte Gottesdienstzeit am Samstag 16.11"},"content":{"rendered":"\n<p>Der Vorabendgottesdienst am Samstag 16.11 in Schwarzach muss aufgrund einer Vertretung auf 18.30 verschoben werden. Verschiedene Umst\u00e4nde machen einen fr\u00fcheren Beginn leider unm\u00f6glich.<\/p>\n","protected":false},"excerpt":{"rendered":"<p>Der Vorabendgottesdienst am Samstag 16.11 in Schwarzach muss aufgrund einer Vertretung auf 18.30 verschoben werden. Verschiedene Umst\u00e4nde machen einen fr\u00fcheren Beginn leider unm\u00f6glich.<\/p>\n","protected":false},"author":9,"featured_media":0,"comment_status":"closed","ping_status":"closed","sticky":false,"template":"","format":"standard","meta":{"footnotes":""},"categories":[6],"tags":[],"_links":{"self":[{"href":"https:\/\/pfarrei-schwarzach-perasdorf.de\/index.php?rest_route=\/wp\/v2\/posts\/2536"}],"collection":[{"href":"https:\/\/pfarrei-schwarzach-perasdorf.de\/index.php?rest_route=\/wp\/v2\/posts"}],"about":[{"href":"https:\/\/pfarrei-schwarzach-perasdorf.de\/index.php?rest_route=\/wp\/v2\/types\/post"}],"author":[{"embeddable":true,"href":"https:\/\/pfarrei-schwarzach-perasdorf.de\/index.php?rest_route=\/wp\/v2\/users\/9"}],"replies":[{"embeddable":true,"href":"https:\/\/pfarrei-schwarzach-perasdorf.de\/index.php?rest_route=%2Fwp%2Fv2%2Fcomments&post=2536"}],"version-history":[{"count":1,"href":"https:\/\/pfarrei-schwarzach-perasdorf.de\/index.php?rest_route=\/wp\/v2\/posts\/2536\/revisions"}],"predecessor-version":[{"id":2537,"href":"https:\/\/pfarrei-schwarzach-perasdorf.de\/index.php?rest_route=\/wp\/v2\/posts\/2536\/revisions\/2537"}],"wp:attachment":[{"href":"https:\/\/pfarrei-schwarzach-perasdorf.de\/index.php?rest_route=%2Fwp%2Fv2%2Fmedia&parent=2536"}],"wp:term":[{"taxonomy":"category","embeddable":true,"href":"https:\/\/pfarrei-schwarzach-perasdorf.de\/index.php?rest_route=%2Fwp%2Fv2%2Fcategories&post=2536"},{"taxonomy":"post_tag","embeddable":true,"href":"https:\/\/pfarrei-schwarzach-perasdorf.de\/index.php?rest_route=%2Fwp%2Fv2%2Ftags&post=2536"}],"curies":[{"name":"wp","href":"https:\/\/api.w.org\/{rel}","templated":true}]}}