{"id":2532,"date":"2024-11-02T18:39:40","date_gmt":"2024-11-02T17:39:40","guid":{"rendered":"https:\/\/pfarrei-schwarzach-perasdorf.de\/?p=2532"},"modified":"2024-11-02T18:39:42","modified_gmt":"2024-11-02T17:39:42","slug":"patroziniumsgottesdienst-zu-st-martin-in-schwarzach","status":"publish","type":"post","link":"https:\/\/pfarrei-schwarzach-perasdorf.de\/?p=2532","title":{"rendered":"Patroziniumsgottesdienst zu St. Martin in Schwarzach"},"content":{"rendered":"\n<p>Anl\u00e4sslich des Namenstags unserer Kirche feien wir am Sonntag 10.11 einen besonderen Gottesdienst. Anschlie\u00dfend sind Sie zu Getr\u00e4nk und Geb\u00e4ck von den Ministranten auf dem Kirchplatz eingeladen. Bitte nach M\u00f6glichkeit eine Tasse mitnehmen.<\/p>\n\n\n\n<p>Wir freuen uns auf Ihr Kommen!<\/p>\n\n\n\n<figure class=\"wp-block-image size-large\"><img loading=\"lazy\" decoding=\"async\" width=\"724\" height=\"1024\" src=\"https:\/\/pfarrei-schwarzach-perasdorf.de\/wp-content\/uploads\/2024\/11\/Dok1-1-724x1024.jpg\" alt=\"\" class=\"wp-image-2533\" srcset=\"https:\/\/pfarrei-schwarzach-perasdorf.de\/wp-content\/uploads\/2024\/11\/Dok1-1-724x1024.jpg 724w, https:\/\/pfarrei-schwarzach-perasdorf.de\/wp-content\/uploads\/2024\/11\/Dok1-1-212x300.jpg 212w, https:\/\/pfarrei-schwarzach-perasdorf.de\/wp-content\/uploads\/2024\/11\/Dok1-1-106x150.jpg 106w, https:\/\/pfarrei-schwarzach-perasdorf.de\/wp-content\/uploads\/2024\/11\/Dok1-1-768x1086.jpg 768w, https:\/\/pfarrei-schwarzach-perasdorf.de\/wp-content\/uploads\/2024\/11\/Dok1-1-1087x1536.jpg 1087w, https:\/\/pfarrei-schwarzach-perasdorf.de\/wp-content\/uploads\/2024\/11\/Dok1-1.jpg 1240w\" sizes=\"(max-width: 724px) 100vw, 724px\" \/><\/figure>\n\n\n\n<p><\/p>\n","protected":false},"excerpt":{"rendered":"<p>Anl\u00e4sslich des Namenstags unserer Kirche feien wir am Sonntag 10.11 einen besonderen Gottesdienst. Anschlie\u00dfend sind Sie zu Getr\u00e4nk und Geb\u00e4ck von den Ministranten auf dem Kirchplatz eingeladen. Bitte nach M\u00f6glichkeit eine Tasse mitnehmen. Wir freuen uns auf Ihr Kommen!<\/p>\n","protected":false},"author":9,"featured_media":0,"comment_status":"closed","ping_status":"closed","sticky":false,"template":"","format":"standard","meta":{"footnotes":""},"categories":[6],"tags":[],"_links":{"self":[{"href":"https:\/\/pfarrei-schwarzach-perasdorf.de\/index.php?rest_route=\/wp\/v2\/posts\/2532"}],"collection":[{"href":"https:\/\/pfarrei-schwarzach-perasdorf.de\/index.php?rest_route=\/wp\/v2\/posts"}],"about":[{"href":"https:\/\/pfarrei-schwarzach-perasdorf.de\/index.php?rest_route=\/wp\/v2\/types\/post"}],"author":[{"embeddable":true,"href":"https:\/\/pfarrei-schwarzach-perasdorf.de\/index.php?rest_route=\/wp\/v2\/users\/9"}],"replies":[{"embeddable":true,"href":"https:\/\/pfarrei-schwarzach-perasdorf.de\/index.php?rest_route=%2Fwp%2Fv2%2Fcomments&post=2532"}],"version-history":[{"count":1,"href":"https:\/\/pfarrei-schwarzach-perasdorf.de\/index.php?rest_route=\/wp\/v2\/posts\/2532\/revisions"}],"predecessor-version":[{"id":2534,"href":"https:\/\/pfarrei-schwarzach-perasdorf.de\/index.php?rest_route=\/wp\/v2\/posts\/2532\/revisions\/2534"}],"wp:attachment":[{"href":"https:\/\/pfarrei-schwarzach-perasdorf.de\/index.php?rest_route=%2Fwp%2Fv2%2Fmedia&parent=2532"}],"wp:term":[{"taxonomy":"category","embeddable":true,"href":"https:\/\/pfarrei-schwarzach-perasdorf.de\/index.php?rest_route=%2Fwp%2Fv2%2Fcategories&post=2532"},{"taxonomy":"post_tag","embeddable":true,"href":"https:\/\/pfarrei-schwarzach-perasdorf.de\/index.php?rest_route=%2Fwp%2Fv2%2Ftags&post=2532"}],"curies":[{"name":"wp","href":"https:\/\/api.w.org\/{rel}","templated":true}]}}