{"id":2511,"date":"2024-10-22T17:09:21","date_gmt":"2024-10-22T15:09:21","guid":{"rendered":"https:\/\/pfarrei-schwarzach-perasdorf.de\/?p=2511"},"modified":"2024-10-22T17:09:23","modified_gmt":"2024-10-22T15:09:23","slug":"fusswallfahrt-bogenberg","status":"publish","type":"post","link":"https:\/\/pfarrei-schwarzach-perasdorf.de\/?p=2511","title":{"rendered":"Fu\u00dfwallfahrt Bogenberg"},"content":{"rendered":"\n<p>Auch dieses Jahr fand wieder die traditionelle Fu\u00dfwallfahrt unserer Pfarreiengemeinschaft auf den Bogenberg statt.<br>Mit insgesamt 18 Wallfahrern, waren wir diesmal eine stattliche Gruppe, die auch die etzten steilen Meter strammen Schrittes zur\u00fccklegte.<br>Die Wallfahrt wurde von Gemeinderefernt Martin Bartlreiher begleitet. Pfarrer Hans-J\u00fcrgen Koller erwartete uns bereits am Bogenberg und feierte anschlie\u00dfend den Wallfahrtsgottesdienst mit etlichen weiteren Pfarrangeh\u00f6rigen, die noch auf den Bogenberg gekommen waren.<\/p>\n\n\n\n<figure class=\"wp-block-image size-large\"><img loading=\"lazy\" decoding=\"async\" width=\"1024\" height=\"768\" src=\"https:\/\/pfarrei-schwarzach-perasdorf.de\/wp-content\/uploads\/2024\/10\/Wallfahrt-Bogenberg-1024x768.jpg\" alt=\"\" class=\"wp-image-2512\" srcset=\"https:\/\/pfarrei-schwarzach-perasdorf.de\/wp-content\/uploads\/2024\/10\/Wallfahrt-Bogenberg-1024x768.jpg 1024w, https:\/\/pfarrei-schwarzach-perasdorf.de\/wp-content\/uploads\/2024\/10\/Wallfahrt-Bogenberg-300x225.jpg 300w, https:\/\/pfarrei-schwarzach-perasdorf.de\/wp-content\/uploads\/2024\/10\/Wallfahrt-Bogenberg-150x113.jpg 150w, https:\/\/pfarrei-schwarzach-perasdorf.de\/wp-content\/uploads\/2024\/10\/Wallfahrt-Bogenberg-768x576.jpg 768w, https:\/\/pfarrei-schwarzach-perasdorf.de\/wp-content\/uploads\/2024\/10\/Wallfahrt-Bogenberg-1536x1152.jpg 1536w, https:\/\/pfarrei-schwarzach-perasdorf.de\/wp-content\/uploads\/2024\/10\/Wallfahrt-Bogenberg.jpg 2048w\" sizes=\"(max-width: 1024px) 100vw, 1024px\" \/><\/figure>\n","protected":false},"excerpt":{"rendered":"<p>Auch dieses Jahr fand wieder die traditionelle Fu\u00dfwallfahrt unserer Pfarreiengemeinschaft auf den Bogenberg statt.Mit insgesamt 18 Wallfahrern, waren wir diesmal eine stattliche Gruppe, die auch die etzten steilen Meter strammen Schrittes zur\u00fccklegte.Die Wallfahrt wurde von Gemeinderefernt Martin Bartlreiher begleitet. Pfarrer Hans-J\u00fcrgen Koller erwartete uns bereits am Bogenberg und feierte anschlie\u00dfend den Wallfahrtsgottesdienst mit etlichen weiteren &#8230; <span class=\"more\"><a class=\"more-link\" href=\"https:\/\/pfarrei-schwarzach-perasdorf.de\/?p=2511\">[weiterlesen&#8230;]<\/a><\/span><\/p>\n","protected":false},"author":9,"featured_media":0,"comment_status":"closed","ping_status":"closed","sticky":false,"template":"","format":"standard","meta":{"footnotes":""},"categories":[6],"tags":[],"_links":{"self":[{"href":"https:\/\/pfarrei-schwarzach-perasdorf.de\/index.php?rest_route=\/wp\/v2\/posts\/2511"}],"collection":[{"href":"https:\/\/pfarrei-schwarzach-perasdorf.de\/index.php?rest_route=\/wp\/v2\/posts"}],"about":[{"href":"https:\/\/pfarrei-schwarzach-perasdorf.de\/index.php?rest_route=\/wp\/v2\/types\/post"}],"author":[{"embeddable":true,"href":"https:\/\/pfarrei-schwarzach-perasdorf.de\/index.php?rest_route=\/wp\/v2\/users\/9"}],"replies":[{"embeddable":true,"href":"https:\/\/pfarrei-schwarzach-perasdorf.de\/index.php?rest_route=%2Fwp%2Fv2%2Fcomments&post=2511"}],"version-history":[{"count":1,"href":"https:\/\/pfarrei-schwarzach-perasdorf.de\/index.php?rest_route=\/wp\/v2\/posts\/2511\/revisions"}],"predecessor-version":[{"id":2513,"href":"https:\/\/pfarrei-schwarzach-perasdorf.de\/index.php?rest_route=\/wp\/v2\/posts\/2511\/revisions\/2513"}],"wp:attachment":[{"href":"https:\/\/pfarrei-schwarzach-perasdorf.de\/index.php?rest_route=%2Fwp%2Fv2%2Fmedia&parent=2511"}],"wp:term":[{"taxonomy":"category","embeddable":true,"href":"https:\/\/pfarrei-schwarzach-perasdorf.de\/index.php?rest_route=%2Fwp%2Fv2%2Fcategories&post=2511"},{"taxonomy":"post_tag","embeddable":true,"href":"https:\/\/pfarrei-schwarzach-perasdorf.de\/index.php?rest_route=%2Fwp%2Fv2%2Ftags&post=2511"}],"curies":[{"name":"wp","href":"https:\/\/api.w.org\/{rel}","templated":true}]}}