{"id":2497,"date":"2024-10-15T07:44:50","date_gmt":"2024-10-15T05:44:50","guid":{"rendered":"https:\/\/pfarrei-schwarzach-perasdorf.de\/?p=2497"},"modified":"2024-10-15T07:44:53","modified_gmt":"2024-10-15T05:44:53","slug":"installation-von-pfr-koller","status":"publish","type":"post","link":"https:\/\/pfarrei-schwarzach-perasdorf.de\/?p=2497","title":{"rendered":"Installation von Pfr. Koller"},"content":{"rendered":"\n<p>Am 27.10 wird um 15.00 der Gottesdienst zur Installation von Pfarrer Koller in unserer Pfarreiengemeinschaft Schwarzach- Perasdorf sein.<br>Die Kirchenkollekte wird auf seinen Wunsch hin f\u00fcr die Kirchenrenovierung verwendet. Wir danken f\u00fcr Ihre gro\u00dfz\u00fcgige Spende!<\/p>\n","protected":false},"excerpt":{"rendered":"<p>Am 27.10 wird um 15.00 der Gottesdienst zur Installation von Pfarrer Koller in unserer Pfarreiengemeinschaft Schwarzach- Perasdorf sein.Die Kirchenkollekte wird auf seinen Wunsch hin f\u00fcr die Kirchenrenovierung verwendet. Wir danken f\u00fcr Ihre gro\u00dfz\u00fcgige Spende!<\/p>\n","protected":false},"author":9,"featured_media":0,"comment_status":"closed","ping_status":"closed","sticky":false,"template":"","format":"standard","meta":{"footnotes":""},"categories":[6],"tags":[],"_links":{"self":[{"href":"https:\/\/pfarrei-schwarzach-perasdorf.de\/index.php?rest_route=\/wp\/v2\/posts\/2497"}],"collection":[{"href":"https:\/\/pfarrei-schwarzach-perasdorf.de\/index.php?rest_route=\/wp\/v2\/posts"}],"about":[{"href":"https:\/\/pfarrei-schwarzach-perasdorf.de\/index.php?rest_route=\/wp\/v2\/types\/post"}],"author":[{"embeddable":true,"href":"https:\/\/pfarrei-schwarzach-perasdorf.de\/index.php?rest_route=\/wp\/v2\/users\/9"}],"replies":[{"embeddable":true,"href":"https:\/\/pfarrei-schwarzach-perasdorf.de\/index.php?rest_route=%2Fwp%2Fv2%2Fcomments&post=2497"}],"version-history":[{"count":1,"href":"https:\/\/pfarrei-schwarzach-perasdorf.de\/index.php?rest_route=\/wp\/v2\/posts\/2497\/revisions"}],"predecessor-version":[{"id":2498,"href":"https:\/\/pfarrei-schwarzach-perasdorf.de\/index.php?rest_route=\/wp\/v2\/posts\/2497\/revisions\/2498"}],"wp:attachment":[{"href":"https:\/\/pfarrei-schwarzach-perasdorf.de\/index.php?rest_route=%2Fwp%2Fv2%2Fmedia&parent=2497"}],"wp:term":[{"taxonomy":"category","embeddable":true,"href":"https:\/\/pfarrei-schwarzach-perasdorf.de\/index.php?rest_route=%2Fwp%2Fv2%2Fcategories&post=2497"},{"taxonomy":"post_tag","embeddable":true,"href":"https:\/\/pfarrei-schwarzach-perasdorf.de\/index.php?rest_route=%2Fwp%2Fv2%2Ftags&post=2497"}],"curies":[{"name":"wp","href":"https:\/\/api.w.org\/{rel}","templated":true}]}}