{"id":2473,"date":"2024-07-25T11:22:21","date_gmt":"2024-07-25T09:22:21","guid":{"rendered":"https:\/\/pfarrei-schwarzach-perasdorf.de\/?p=2473"},"modified":"2024-07-25T11:23:17","modified_gmt":"2024-07-25T09:23:17","slug":"urlaubszeit-ferien-oeffnungszeiten-pfarrbuero","status":"publish","type":"post","link":"https:\/\/pfarrei-schwarzach-perasdorf.de\/?p=2473","title":{"rendered":"Urlaubszeit\/Ferien &#8211; \u00d6ffnungszeiten Pfarrb\u00fcro"},"content":{"rendered":"\n<p>In den kommenden, sommerlichen Wochen ist hoffentlich Erholung und Ruhe f\u00fcr Sie angesagt.<br>Wir w\u00fcnschen Ihnen eine gesegnete Urlaubszeit mit vielen sch\u00f6nen Erlebnissen.<\/p>\n\n\n\n<p>Bitte beachten Sie, dass in dieser Zeit das Pfarrb\u00fcro vom <b><i>12.8. bis 23.8. <\/i><\/b> geschlossen ist.<\/p>\n\n\n\n<p>Au\u00dferdem ist das Pfarrb\u00fcro in der Zeit vom <b><i>27.9. bis 4.10.2024<\/i><\/b> nicht besetzt.<br><br>Gemeinderefernt Martin Bartlreiher ist im August ebenfalls im Urlaub, bzw. mit den Ministranten im Ferienlager und daher nur schlecht erreichbar.<\/p>\n\n\n\n<p>In Notf\u00e4llen erreichen Sie unsere Urlaubsvertretung Pfr. Binumon John unter der Pfarrb\u00fcronummer (09962\/335)<br><\/p>\n","protected":false},"excerpt":{"rendered":"<p>In den kommenden, sommerlichen Wochen ist hoffentlich Erholung und Ruhe f\u00fcr Sie angesagt.Wir w\u00fcnschen Ihnen eine gesegnete Urlaubszeit mit vielen sch\u00f6nen Erlebnissen. Bitte beachten Sie, dass in dieser Zeit das Pfarrb\u00fcro vom 12.8. bis 23.8. geschlossen ist. Au\u00dferdem ist das Pfarrb\u00fcro in der Zeit vom 27.9. bis 4.10.2024 nicht besetzt. Gemeinderefernt Martin Bartlreiher ist im &#8230; <span class=\"more\"><a class=\"more-link\" href=\"https:\/\/pfarrei-schwarzach-perasdorf.de\/?p=2473\">[weiterlesen&#8230;]<\/a><\/span><\/p>\n","protected":false},"author":9,"featured_media":0,"comment_status":"closed","ping_status":"closed","sticky":false,"template":"","format":"standard","meta":{"footnotes":""},"categories":[6],"tags":[],"_links":{"self":[{"href":"https:\/\/pfarrei-schwarzach-perasdorf.de\/index.php?rest_route=\/wp\/v2\/posts\/2473"}],"collection":[{"href":"https:\/\/pfarrei-schwarzach-perasdorf.de\/index.php?rest_route=\/wp\/v2\/posts"}],"about":[{"href":"https:\/\/pfarrei-schwarzach-perasdorf.de\/index.php?rest_route=\/wp\/v2\/types\/post"}],"author":[{"embeddable":true,"href":"https:\/\/pfarrei-schwarzach-perasdorf.de\/index.php?rest_route=\/wp\/v2\/users\/9"}],"replies":[{"embeddable":true,"href":"https:\/\/pfarrei-schwarzach-perasdorf.de\/index.php?rest_route=%2Fwp%2Fv2%2Fcomments&post=2473"}],"version-history":[{"count":2,"href":"https:\/\/pfarrei-schwarzach-perasdorf.de\/index.php?rest_route=\/wp\/v2\/posts\/2473\/revisions"}],"predecessor-version":[{"id":2475,"href":"https:\/\/pfarrei-schwarzach-perasdorf.de\/index.php?rest_route=\/wp\/v2\/posts\/2473\/revisions\/2475"}],"wp:attachment":[{"href":"https:\/\/pfarrei-schwarzach-perasdorf.de\/index.php?rest_route=%2Fwp%2Fv2%2Fmedia&parent=2473"}],"wp:term":[{"taxonomy":"category","embeddable":true,"href":"https:\/\/pfarrei-schwarzach-perasdorf.de\/index.php?rest_route=%2Fwp%2Fv2%2Fcategories&post=2473"},{"taxonomy":"post_tag","embeddable":true,"href":"https:\/\/pfarrei-schwarzach-perasdorf.de\/index.php?rest_route=%2Fwp%2Fv2%2Ftags&post=2473"}],"curies":[{"name":"wp","href":"https:\/\/api.w.org\/{rel}","templated":true}]}}