{"id":2126,"date":"2022-12-06T11:10:45","date_gmt":"2022-12-06T10:10:45","guid":{"rendered":"http:\/\/pfarrei-schwarzach-perasdorf.de\/?p=2126"},"modified":"2022-12-06T11:10:45","modified_gmt":"2022-12-06T10:10:45","slug":"anmeldung-fuer-die-kindertagesstaette-st-martin-3","status":"publish","type":"post","link":"https:\/\/pfarrei-schwarzach-perasdorf.de\/?p=2126","title":{"rendered":"Anmeldung f\u00fcr die Kindertagesst\u00e4tte St. Martin"},"content":{"rendered":"<p>Die Anmeldung der Kinder f\u00fcr den Besuch in der Kindertagesst\u00e4tte St. Martin, f\u00fcr das Kita\u2013Jahr 2023\/24 findet am Mo. 23.und Di. 24. Januar 2023 statt.<\/p>\n<p>Angemeldet werden k\u00f6nnen alle Kinder ab dem 1.Lebensjahr, auch die Kinder, die im Laufe des Kita-Jahres in die Kinderkrippe oder den Kindergarten kommen sollen.<\/p>\n<p>Damit keine unn\u00f6tigen Wartezeiten entstehen, bitten wir um kurze telefonische Terminvereinbarung unter 09962-347.<\/p>\n<p>Den Anmeldebogen, sowie die datenschutzrechtlichen Infos finden sie auf der <a href=\"http:\/\/pfarrei-schwarzach-perasdorf.de\/?page_id=112\">Seite der Pfarrei Schwarzach<\/a> oder auf der Seite der Gemeindeverwaltung Schwarzach. Sie k\u00f6nnen diese bereits zu Hause ausf\u00fcllen \/ unterschreiben und zusammen mit dem U-Heft und dem Impfpass zu Ihrem Termin mitbringen.<\/p>\n","protected":false},"excerpt":{"rendered":"<p>Die Anmeldung der Kinder f\u00fcr den Besuch in der Kindertagesst\u00e4tte St. Martin, f\u00fcr das Kita\u2013Jahr 2023\/24 findet am Mo. 23.und Di. 24. Januar 2023 statt. Angemeldet werden k\u00f6nnen alle Kinder ab dem 1.Lebensjahr, auch die Kinder, die im Laufe des Kita-Jahres in die Kinderkrippe oder den Kindergarten kommen sollen. Damit keine unn\u00f6tigen Wartezeiten entstehen, bitten &#8230; <span class=\"more\"><a class=\"more-link\" href=\"https:\/\/pfarrei-schwarzach-perasdorf.de\/?p=2126\">[weiterlesen&#8230;]<\/a><\/span><\/p>\n","protected":false},"author":9,"featured_media":0,"comment_status":"closed","ping_status":"closed","sticky":false,"template":"","format":"standard","meta":{"footnotes":""},"categories":[6],"tags":[],"_links":{"self":[{"href":"https:\/\/pfarrei-schwarzach-perasdorf.de\/index.php?rest_route=\/wp\/v2\/posts\/2126"}],"collection":[{"href":"https:\/\/pfarrei-schwarzach-perasdorf.de\/index.php?rest_route=\/wp\/v2\/posts"}],"about":[{"href":"https:\/\/pfarrei-schwarzach-perasdorf.de\/index.php?rest_route=\/wp\/v2\/types\/post"}],"author":[{"embeddable":true,"href":"https:\/\/pfarrei-schwarzach-perasdorf.de\/index.php?rest_route=\/wp\/v2\/users\/9"}],"replies":[{"embeddable":true,"href":"https:\/\/pfarrei-schwarzach-perasdorf.de\/index.php?rest_route=%2Fwp%2Fv2%2Fcomments&post=2126"}],"version-history":[{"count":1,"href":"https:\/\/pfarrei-schwarzach-perasdorf.de\/index.php?rest_route=\/wp\/v2\/posts\/2126\/revisions"}],"predecessor-version":[{"id":2127,"href":"https:\/\/pfarrei-schwarzach-perasdorf.de\/index.php?rest_route=\/wp\/v2\/posts\/2126\/revisions\/2127"}],"wp:attachment":[{"href":"https:\/\/pfarrei-schwarzach-perasdorf.de\/index.php?rest_route=%2Fwp%2Fv2%2Fmedia&parent=2126"}],"wp:term":[{"taxonomy":"category","embeddable":true,"href":"https:\/\/pfarrei-schwarzach-perasdorf.de\/index.php?rest_route=%2Fwp%2Fv2%2Fcategories&post=2126"},{"taxonomy":"post_tag","embeddable":true,"href":"https:\/\/pfarrei-schwarzach-perasdorf.de\/index.php?rest_route=%2Fwp%2Fv2%2Ftags&post=2126"}],"curies":[{"name":"wp","href":"https:\/\/api.w.org\/{rel}","templated":true}]}}