{"id":2110,"date":"2022-08-08T10:43:22","date_gmt":"2022-08-08T08:43:22","guid":{"rendered":"http:\/\/pfarrei-schwarzach-perasdorf.de\/?p=2110"},"modified":"2022-08-08T10:43:22","modified_gmt":"2022-08-08T08:43:22","slug":"sperrung-pfarrkirche-st-martin","status":"publish","type":"post","link":"https:\/\/pfarrei-schwarzach-perasdorf.de\/?p=2110","title":{"rendered":"Sperrung Pfarrkirche St. Martin"},"content":{"rendered":"<p><strong>Schwarzacher Pfarrkirche St. Martin vor\u00fcbergehend gesperrt<\/strong><\/p>\n<p><strong>Klinik-Kapelle und Wallfahrtskirche Wei\u00dfenberg dienen als Ersatz f\u00fcr Gottesdienste<\/strong><\/p>\n<p><strong>&nbsp;<\/strong><\/p>\n<p><strong>Schwarzach (cm).<\/strong> Zur Vorbereitung der geplanten Innenrenovierung der Pfarrkirche St. Martin wurden umfangreiche Voruntersuchungen in Auftrag gegeben. Letzte Woche fand in der Pfarrkirche eine Er\u00f6rterung der bisherigen Befunde statt. Aufgrund der festgestellten Sch\u00e4den in der Raumschale (Gew\u00f6lbe) und der statischen Feststellungen kamen die Fachleute (Statiker, Stuckateur, Restaurator und Architekt) zu dem Ergebnis, das Abl\u00f6sungen vom Gew\u00f6lbe nicht auszuschlie\u00dfen sind. Aufgrund Sicherheits- und vor allem auch aus Haftungsgr\u00fcnden beschloss die Kirchenverwaltung Schwarzach nach Beratung durch das Bisch\u00f6fliche Baureferat, die Pfarrkirche ab sofort vor\u00fcbergehend zu sperren.<\/p>\n<p>Die Gottesdienste finden ersatzweise in der Klinik-Kapelle und in der Wallfahrtskirche Wei\u00dfenberg statt. Die Orte f\u00fcr die Hochzeiten und Beerdigungen werden in Absprache mit den Beteiligten festgelegt. Pfarrer Alfons Dirscherl, Kirchenpfleger Josef Ehrl und die Mitglieder der Kirchenverwaltung danken in diesem Zusammenhang ausdr\u00fccklich dem Vorsitzenden des Klinik-Stiftungsvorstandes, Herrn Michael Trotz, f\u00fcr die Zur-Verf\u00fcgungstellung der Klinik-Kapelle.<\/p>\n<p>Im Rahmen der anstehenden Innenrenovierung war geplant, die Raumschale fl\u00e4chig einzur\u00fcsten um die Gem\u00e4lde zu reinigen bzw. zu renovieren. Der Einbau dieses Ger\u00fcstes wird nun in Absprache mit den Fachleuten und -beh\u00f6rden vorgezogen, damit eine genaue Untersuchung der vorhandenen Sch\u00e4den am Gew\u00f6lbe erfolgen kann. Nach Aufstellung des Ger\u00fcstes kann die Kirche wieder genutzt werden.&nbsp;<\/p>\n<p>Eine Nutzung f\u00fcr Hochzeiten wird sicherlich dadurch eingeschr\u00e4nkt. Wegen der vorgesehenen Innenrenovierung wurden daher f\u00fcr das Jahr 2023 keine Hochzeiten mehr in der Pfarrkirche angenommen.<\/p>\n<p>&nbsp;<\/p>\n<p>Josef Ehrl<\/p>\n<p>Kirchenpfleger<\/p>\n","protected":false},"excerpt":{"rendered":"<p>Schwarzacher Pfarrkirche St. Martin vor\u00fcbergehend gesperrt Klinik-Kapelle und Wallfahrtskirche Wei\u00dfenberg dienen als Ersatz f\u00fcr Gottesdienste &nbsp; Schwarzach (cm). Zur Vorbereitung der geplanten Innenrenovierung der Pfarrkirche St. Martin wurden umfangreiche Voruntersuchungen in Auftrag gegeben. Letzte Woche fand in der Pfarrkirche eine Er\u00f6rterung der bisherigen Befunde statt. Aufgrund der festgestellten Sch\u00e4den in der Raumschale (Gew\u00f6lbe) und der &#8230; <span class=\"more\"><a class=\"more-link\" href=\"https:\/\/pfarrei-schwarzach-perasdorf.de\/?p=2110\">[weiterlesen&#8230;]<\/a><\/span><\/p>\n","protected":false},"author":9,"featured_media":0,"comment_status":"closed","ping_status":"closed","sticky":false,"template":"","format":"standard","meta":{"footnotes":""},"categories":[6],"tags":[],"_links":{"self":[{"href":"https:\/\/pfarrei-schwarzach-perasdorf.de\/index.php?rest_route=\/wp\/v2\/posts\/2110"}],"collection":[{"href":"https:\/\/pfarrei-schwarzach-perasdorf.de\/index.php?rest_route=\/wp\/v2\/posts"}],"about":[{"href":"https:\/\/pfarrei-schwarzach-perasdorf.de\/index.php?rest_route=\/wp\/v2\/types\/post"}],"author":[{"embeddable":true,"href":"https:\/\/pfarrei-schwarzach-perasdorf.de\/index.php?rest_route=\/wp\/v2\/users\/9"}],"replies":[{"embeddable":true,"href":"https:\/\/pfarrei-schwarzach-perasdorf.de\/index.php?rest_route=%2Fwp%2Fv2%2Fcomments&post=2110"}],"version-history":[{"count":1,"href":"https:\/\/pfarrei-schwarzach-perasdorf.de\/index.php?rest_route=\/wp\/v2\/posts\/2110\/revisions"}],"predecessor-version":[{"id":2111,"href":"https:\/\/pfarrei-schwarzach-perasdorf.de\/index.php?rest_route=\/wp\/v2\/posts\/2110\/revisions\/2111"}],"wp:attachment":[{"href":"https:\/\/pfarrei-schwarzach-perasdorf.de\/index.php?rest_route=%2Fwp%2Fv2%2Fmedia&parent=2110"}],"wp:term":[{"taxonomy":"category","embeddable":true,"href":"https:\/\/pfarrei-schwarzach-perasdorf.de\/index.php?rest_route=%2Fwp%2Fv2%2Fcategories&post=2110"},{"taxonomy":"post_tag","embeddable":true,"href":"https:\/\/pfarrei-schwarzach-perasdorf.de\/index.php?rest_route=%2Fwp%2Fv2%2Ftags&post=2110"}],"curies":[{"name":"wp","href":"https:\/\/api.w.org\/{rel}","templated":true}]}}