{"id":2027,"date":"2021-12-18T17:59:48","date_gmt":"2021-12-18T16:59:48","guid":{"rendered":"http:\/\/pfarrei-schwarzach-perasdorf.de\/?p=2027"},"modified":"2021-12-19T16:19:18","modified_gmt":"2021-12-19T15:19:18","slug":"anmeldung-fuer-die-kindertagesstaette-st-martin-2","status":"publish","type":"post","link":"https:\/\/pfarrei-schwarzach-perasdorf.de\/?p=2027","title":{"rendered":"Anmeldung f\u00fcr die Kindertagesst\u00e4tte St. Martin"},"content":{"rendered":"<p>Die Anmeldung der Kinder f\u00fcr den Besuch in der Kindertagesst\u00e4tte St. Martin, f\u00fcr das Kita\u2013Jahr 2022\/23 findet am 24.und 25. Jan 2022 statt.<\/p>\n<p>Angemeldet werden k\u00f6nnen alle Kinder ab dem 1. Lebensjahr, auch die Kinder, die im Laufe des Kita-Jahres in die Kinderkrippe oder den Kindergarten kommen sollen.<\/p>\n<p>Aus aktuellem Anlass bitten wir um kurze telefonische Terminvereinbarung unter 09962-347.<\/p>\n<p>Eine Besichtigung der R\u00e4umlichkeiten ist derzeit leider nicht m\u00f6glich.<\/p>\n<p>Den Anmeldebogen, sowie die datenschutzrechtlichen Infos finden sie auf der Seite der Pfarrei Schwarzach oder auf der Seite der Gemeindeverwaltung Schwarzach. Sie k\u00f6nnen diese bereits zu Hause ausf\u00fcllen \/ unterschreiben und zusammen mit dem U-Heft und dem Impfpass zu Ihrem Termin mitbringen.<\/p>\n<p>Den Anmeldebogen finden sie <a href=\"http:\/\/pfarrei-schwarzach-perasdorf.de\/?page_id=112\">hier<\/a>.<\/p>\n","protected":false},"excerpt":{"rendered":"<p>Die Anmeldung der Kinder f\u00fcr den Besuch in der Kindertagesst\u00e4tte St. Martin, f\u00fcr das Kita\u2013Jahr 2022\/23 findet am 24.und 25. Jan 2022 statt. Angemeldet werden k\u00f6nnen alle Kinder ab dem 1. Lebensjahr, auch die Kinder, die im Laufe des Kita-Jahres in die Kinderkrippe oder den Kindergarten kommen sollen. Aus aktuellem Anlass bitten wir um kurze &#8230; <span class=\"more\"><a class=\"more-link\" href=\"https:\/\/pfarrei-schwarzach-perasdorf.de\/?p=2027\">[weiterlesen&#8230;]<\/a><\/span><\/p>\n","protected":false},"author":9,"featured_media":0,"comment_status":"closed","ping_status":"closed","sticky":false,"template":"","format":"standard","meta":{"footnotes":""},"categories":[6],"tags":[],"_links":{"self":[{"href":"https:\/\/pfarrei-schwarzach-perasdorf.de\/index.php?rest_route=\/wp\/v2\/posts\/2027"}],"collection":[{"href":"https:\/\/pfarrei-schwarzach-perasdorf.de\/index.php?rest_route=\/wp\/v2\/posts"}],"about":[{"href":"https:\/\/pfarrei-schwarzach-perasdorf.de\/index.php?rest_route=\/wp\/v2\/types\/post"}],"author":[{"embeddable":true,"href":"https:\/\/pfarrei-schwarzach-perasdorf.de\/index.php?rest_route=\/wp\/v2\/users\/9"}],"replies":[{"embeddable":true,"href":"https:\/\/pfarrei-schwarzach-perasdorf.de\/index.php?rest_route=%2Fwp%2Fv2%2Fcomments&post=2027"}],"version-history":[{"count":1,"href":"https:\/\/pfarrei-schwarzach-perasdorf.de\/index.php?rest_route=\/wp\/v2\/posts\/2027\/revisions"}],"predecessor-version":[{"id":2028,"href":"https:\/\/pfarrei-schwarzach-perasdorf.de\/index.php?rest_route=\/wp\/v2\/posts\/2027\/revisions\/2028"}],"wp:attachment":[{"href":"https:\/\/pfarrei-schwarzach-perasdorf.de\/index.php?rest_route=%2Fwp%2Fv2%2Fmedia&parent=2027"}],"wp:term":[{"taxonomy":"category","embeddable":true,"href":"https:\/\/pfarrei-schwarzach-perasdorf.de\/index.php?rest_route=%2Fwp%2Fv2%2Fcategories&post=2027"},{"taxonomy":"post_tag","embeddable":true,"href":"https:\/\/pfarrei-schwarzach-perasdorf.de\/index.php?rest_route=%2Fwp%2Fv2%2Ftags&post=2027"}],"curies":[{"name":"wp","href":"https:\/\/api.w.org\/{rel}","templated":true}]}}