{"id":2005,"date":"2021-10-06T13:16:58","date_gmt":"2021-10-06T11:16:58","guid":{"rendered":"http:\/\/pfarrei-schwarzach-perasdorf.de\/?p=2005"},"modified":"2021-10-06T13:16:58","modified_gmt":"2021-10-06T11:16:58","slug":"wahre-liebe-ist-staerker-als-alles-andere-ehejubilaeum-in-unserer-pfarreiengemeinschaft","status":"publish","type":"post","link":"https:\/\/pfarrei-schwarzach-perasdorf.de\/?p=2005","title":{"rendered":"Wahre Liebe ist st\u00e4rker als alles andere &#8211; Ehejubil\u00e4um in unserer Pfarreiengemeinschaft"},"content":{"rendered":"<p>Der Einladung zur Feier des Ehejubil\u00e4ums am 2. Oktober in der Pfarrkirche in Schwarzach waren insgesamt 14 Paare aus unserer Pfarreiengemeinschaft Schwarzach und Perasdorf gefolgt.<br \/>\nWie \u00fcblich fand der festliche Gottesdienst wieder am Vorabend des Erntedankfestes statt, denn auch in der Beziehung zueinander ist viel gewachsen, wof\u00fcr man von Herzen danke sagen kann.<br \/>\nIm Mittelpunkt stand dabei die Liebe der Paare zueinander. Gemeindereferent Martin Bartlreiher stellte in seiner Predigt heraus, dass die wahre Liebe zwischen zwei Menschen st\u00e4rker ist, als alles andere und dass wir einander danken d\u00fcrfen f\u00fcr den gemeinsam zur\u00fcckgelegten Lebensweg.<br \/>\nDie anwesenden Paare wurden zudem gesegnet, damit sie ihre Ehe unter Gottes Schutz gelingend weiterf\u00fchren k\u00f6nnen.<br \/>\nAnschlie\u00dfend fanden wir uns zum gemeinsamen Abendessen und angeregten Gespr\u00e4chen im Schlosscaf\u00e8 Muggenthaler ein.<\/p>\n<p>Sch\u00f6n, dass so viele Paare anwesend waren!<\/p>\n<p><a href=\"http:\/\/pfarrei-schwarzach-perasdorf.de\/wp-content\/uploads\/2021\/10\/SAM_3140.jpg\"><img loading=\"lazy\" decoding=\"async\" class=\"size-medium_large wp-image-2006\" src=\"http:\/\/pfarrei-schwarzach-perasdorf.de\/wp-content\/uploads\/2021\/10\/SAM_3140-768x512.jpg\" alt=\"\" width=\"700\" height=\"467\" srcset=\"https:\/\/pfarrei-schwarzach-perasdorf.de\/wp-content\/uploads\/2021\/10\/SAM_3140-768x512.jpg 768w, https:\/\/pfarrei-schwarzach-perasdorf.de\/wp-content\/uploads\/2021\/10\/SAM_3140-150x100.jpg 150w, https:\/\/pfarrei-schwarzach-perasdorf.de\/wp-content\/uploads\/2021\/10\/SAM_3140-300x200.jpg 300w, https:\/\/pfarrei-schwarzach-perasdorf.de\/wp-content\/uploads\/2021\/10\/SAM_3140-1024x683.jpg 1024w\" sizes=\"(max-width: 700px) 100vw, 700px\" \/><\/a><\/p>\n","protected":false},"excerpt":{"rendered":"<p>Der Einladung zur Feier des Ehejubil\u00e4ums am 2. Oktober in der Pfarrkirche in Schwarzach waren insgesamt 14 Paare aus unserer Pfarreiengemeinschaft Schwarzach und Perasdorf gefolgt. Wie \u00fcblich fand der festliche Gottesdienst wieder am Vorabend des Erntedankfestes statt, denn auch in der Beziehung zueinander ist viel gewachsen, wof\u00fcr man von Herzen danke sagen kann. Im Mittelpunkt &#8230; <span class=\"more\"><a class=\"more-link\" href=\"https:\/\/pfarrei-schwarzach-perasdorf.de\/?p=2005\">[weiterlesen&#8230;]<\/a><\/span><\/p>\n","protected":false},"author":9,"featured_media":0,"comment_status":"closed","ping_status":"closed","sticky":false,"template":"","format":"standard","meta":{"footnotes":""},"categories":[6],"tags":[],"_links":{"self":[{"href":"https:\/\/pfarrei-schwarzach-perasdorf.de\/index.php?rest_route=\/wp\/v2\/posts\/2005"}],"collection":[{"href":"https:\/\/pfarrei-schwarzach-perasdorf.de\/index.php?rest_route=\/wp\/v2\/posts"}],"about":[{"href":"https:\/\/pfarrei-schwarzach-perasdorf.de\/index.php?rest_route=\/wp\/v2\/types\/post"}],"author":[{"embeddable":true,"href":"https:\/\/pfarrei-schwarzach-perasdorf.de\/index.php?rest_route=\/wp\/v2\/users\/9"}],"replies":[{"embeddable":true,"href":"https:\/\/pfarrei-schwarzach-perasdorf.de\/index.php?rest_route=%2Fwp%2Fv2%2Fcomments&post=2005"}],"version-history":[{"count":1,"href":"https:\/\/pfarrei-schwarzach-perasdorf.de\/index.php?rest_route=\/wp\/v2\/posts\/2005\/revisions"}],"predecessor-version":[{"id":2007,"href":"https:\/\/pfarrei-schwarzach-perasdorf.de\/index.php?rest_route=\/wp\/v2\/posts\/2005\/revisions\/2007"}],"wp:attachment":[{"href":"https:\/\/pfarrei-schwarzach-perasdorf.de\/index.php?rest_route=%2Fwp%2Fv2%2Fmedia&parent=2005"}],"wp:term":[{"taxonomy":"category","embeddable":true,"href":"https:\/\/pfarrei-schwarzach-perasdorf.de\/index.php?rest_route=%2Fwp%2Fv2%2Fcategories&post=2005"},{"taxonomy":"post_tag","embeddable":true,"href":"https:\/\/pfarrei-schwarzach-perasdorf.de\/index.php?rest_route=%2Fwp%2Fv2%2Ftags&post=2005"}],"curies":[{"name":"wp","href":"https:\/\/api.w.org\/{rel}","templated":true}]}}