{"id":2001,"date":"2021-10-06T12:26:25","date_gmt":"2021-10-06T10:26:25","guid":{"rendered":"http:\/\/pfarrei-schwarzach-perasdorf.de\/?p=2001"},"modified":"2021-10-06T12:28:00","modified_gmt":"2021-10-06T10:28:00","slug":"erntedank","status":"publish","type":"post","link":"https:\/\/pfarrei-schwarzach-perasdorf.de\/?p=2001","title":{"rendered":"Erntedank"},"content":{"rendered":"<p>Vergangenen Sonntag durften wir in unseren Pfarreien mit je einem wundersch\u00f6n geschm\u00fcckten Erntedankaltar das Erntedankfest feiern. Herzlichen Dank an den OGV der den Altar in Perasdorf so sch\u00f6n geschm\u00fcckt hat und auch an den Trachtenverein, der f\u00fcr Schwarzach einen sch\u00f6nen Altar bereitet hat.<br \/>\nBesonders sch\u00f6n war, dass an diesem Tag unsere Gottesdienste gut besucht waren.<br \/>\nSo konnten wir sp\u00fcren: Unser Dank gilt Gott, dass er alles so sch\u00f6n wachsen l\u00e4sst und allen Menschen, die sich um unsere Lebensmittel, in welcher Form auch immer, m\u00fchen, damit es uns an nichts fehlt.<\/p>\n<div id=\"attachment_2002\" style=\"width: 710px\" class=\"wp-caption aligncenter\"><a href=\"http:\/\/pfarrei-schwarzach-perasdorf.de\/wp-content\/uploads\/2021\/10\/IMG_20211003_111326.jpg\"><img loading=\"lazy\" decoding=\"async\" aria-describedby=\"caption-attachment-2002\" class=\"size-medium_large wp-image-2002\" src=\"http:\/\/pfarrei-schwarzach-perasdorf.de\/wp-content\/uploads\/2021\/10\/IMG_20211003_111326-768x576.jpg\" alt=\"\" width=\"700\" height=\"525\" srcset=\"https:\/\/pfarrei-schwarzach-perasdorf.de\/wp-content\/uploads\/2021\/10\/IMG_20211003_111326-768x576.jpg 768w, https:\/\/pfarrei-schwarzach-perasdorf.de\/wp-content\/uploads\/2021\/10\/IMG_20211003_111326-150x113.jpg 150w, https:\/\/pfarrei-schwarzach-perasdorf.de\/wp-content\/uploads\/2021\/10\/IMG_20211003_111326-300x225.jpg 300w, https:\/\/pfarrei-schwarzach-perasdorf.de\/wp-content\/uploads\/2021\/10\/IMG_20211003_111326-1024x768.jpg 1024w\" sizes=\"(max-width: 700px) 100vw, 700px\" \/><\/a><p id=\"caption-attachment-2002\" class=\"wp-caption-text\">dav<\/p><\/div>\n<div id=\"attachment_2003\" style=\"width: 710px\" class=\"wp-caption alignright\"><a href=\"http:\/\/pfarrei-schwarzach-perasdorf.de\/wp-content\/uploads\/2021\/10\/IMG_20211006_100126.jpg\"><img loading=\"lazy\" decoding=\"async\" aria-describedby=\"caption-attachment-2003\" class=\"size-medium_large wp-image-2003\" src=\"http:\/\/pfarrei-schwarzach-perasdorf.de\/wp-content\/uploads\/2021\/10\/IMG_20211006_100126-768x576.jpg\" alt=\"\" width=\"700\" height=\"525\" srcset=\"https:\/\/pfarrei-schwarzach-perasdorf.de\/wp-content\/uploads\/2021\/10\/IMG_20211006_100126-768x576.jpg 768w, https:\/\/pfarrei-schwarzach-perasdorf.de\/wp-content\/uploads\/2021\/10\/IMG_20211006_100126-150x113.jpg 150w, https:\/\/pfarrei-schwarzach-perasdorf.de\/wp-content\/uploads\/2021\/10\/IMG_20211006_100126-300x225.jpg 300w, https:\/\/pfarrei-schwarzach-perasdorf.de\/wp-content\/uploads\/2021\/10\/IMG_20211006_100126-1024x768.jpg 1024w\" sizes=\"(max-width: 700px) 100vw, 700px\" \/><\/a><p id=\"caption-attachment-2003\" class=\"wp-caption-text\">dav<\/p><\/div>\n","protected":false},"excerpt":{"rendered":"<p>Vergangenen Sonntag durften wir in unseren Pfarreien mit je einem wundersch\u00f6n geschm\u00fcckten Erntedankaltar das Erntedankfest feiern. Herzlichen Dank an den OGV der den Altar in Perasdorf so sch\u00f6n geschm\u00fcckt hat und auch an den Trachtenverein, der f\u00fcr Schwarzach einen sch\u00f6nen Altar bereitet hat. Besonders sch\u00f6n war, dass an diesem Tag unsere Gottesdienste gut besucht waren. &#8230; <span class=\"more\"><a class=\"more-link\" href=\"https:\/\/pfarrei-schwarzach-perasdorf.de\/?p=2001\">[weiterlesen&#8230;]<\/a><\/span><\/p>\n","protected":false},"author":9,"featured_media":0,"comment_status":"closed","ping_status":"closed","sticky":false,"template":"","format":"standard","meta":{"footnotes":""},"categories":[6],"tags":[],"_links":{"self":[{"href":"https:\/\/pfarrei-schwarzach-perasdorf.de\/index.php?rest_route=\/wp\/v2\/posts\/2001"}],"collection":[{"href":"https:\/\/pfarrei-schwarzach-perasdorf.de\/index.php?rest_route=\/wp\/v2\/posts"}],"about":[{"href":"https:\/\/pfarrei-schwarzach-perasdorf.de\/index.php?rest_route=\/wp\/v2\/types\/post"}],"author":[{"embeddable":true,"href":"https:\/\/pfarrei-schwarzach-perasdorf.de\/index.php?rest_route=\/wp\/v2\/users\/9"}],"replies":[{"embeddable":true,"href":"https:\/\/pfarrei-schwarzach-perasdorf.de\/index.php?rest_route=%2Fwp%2Fv2%2Fcomments&post=2001"}],"version-history":[{"count":1,"href":"https:\/\/pfarrei-schwarzach-perasdorf.de\/index.php?rest_route=\/wp\/v2\/posts\/2001\/revisions"}],"predecessor-version":[{"id":2004,"href":"https:\/\/pfarrei-schwarzach-perasdorf.de\/index.php?rest_route=\/wp\/v2\/posts\/2001\/revisions\/2004"}],"wp:attachment":[{"href":"https:\/\/pfarrei-schwarzach-perasdorf.de\/index.php?rest_route=%2Fwp%2Fv2%2Fmedia&parent=2001"}],"wp:term":[{"taxonomy":"category","embeddable":true,"href":"https:\/\/pfarrei-schwarzach-perasdorf.de\/index.php?rest_route=%2Fwp%2Fv2%2Fcategories&post=2001"},{"taxonomy":"post_tag","embeddable":true,"href":"https:\/\/pfarrei-schwarzach-perasdorf.de\/index.php?rest_route=%2Fwp%2Fv2%2Ftags&post=2001"}],"curies":[{"name":"wp","href":"https:\/\/api.w.org\/{rel}","templated":true}]}}