{"id":1969,"date":"2021-07-29T14:30:08","date_gmt":"2021-07-29T12:30:08","guid":{"rendered":"http:\/\/pfarrei-schwarzach-perasdorf.de\/?p=1969"},"modified":"2021-07-29T14:30:08","modified_gmt":"2021-07-29T12:30:08","slug":"erstkommunion-vertrau-mir-ich-bin-da","status":"publish","type":"post","link":"https:\/\/pfarrei-schwarzach-perasdorf.de\/?p=1969","title":{"rendered":"Erstkommunion &#8211; &#8222;Vertrau mir &#8211; ich bin da!&#8220;"},"content":{"rendered":"<p>Am Sonntag den 18. Juli durften 22 Erstkommunionkinder aus unserer Pfarreiengemeinschaft Schwarzach und Perasdorf sp\u00fcren, dass Jesus und Gott ihnen immer wieder und ganz besonders auch in Gestalt von Brot und Wein zeigen: \u201aVertrau mir \u2013 ich bin da!\u2018<br \/>\nNach langer Zeit der Unsicherheit konnten wir nach den Pfingstferien die letzte und intensivste Etappe der Vorbereitung auf die Erstkommunion in der Schule, in den Tischgruppen und in der Pfarrgemeinde starten.<br \/>\nDie Kinder waren voller Begeisterung dabei und freuten sich riesig, dass ihre Erstkommunion, wenn auch um einiges sp\u00e4ter als geplant, endlich stattfinden konnte.<br \/>\nDank unserer gro\u00dfen Kirche war es uns m\u00f6glich, alle Kinder mit deren Familien, unter Einhaltung des Hygienekonzeptes, in unserer Kirche unterzubringen.<br \/>\nPfarrer Dirscherl und Gemeindereferent Bartlreiher brachten den Kindern in der Predigt nahe, dass Jesus und Gott immer f\u00fcr sie da sind. Das erfahren sie in Mitmenschen, die gut zu ihnen sind, in der Gemeinschaft der Kirche, aus der Bibel und ganz besonders, wenn sie das Hl. Brot und den Hl. Wein empfangen.<br \/>\nEin herzlicher Dank gilt allen, die in der Vorbereitung und an der Erstkommunion selbst, mitgeholfen haben. Den Tischm\u00fcttern, den Ordnern, den Mesnerinnen, dem Projektchor, der Organistin und allen flei\u00dfigen H\u00e4nden, die ohne Wenn und Aber mit angepackt haben.<\/p>\n<p>&nbsp;<\/p>\n<p><a href=\"http:\/\/pfarrei-schwarzach-perasdorf.de\/wp-content\/uploads\/2021\/07\/9497_C.jpg\"><img loading=\"lazy\" decoding=\"async\" class=\"size-medium_large wp-image-1970 aligncenter\" src=\"http:\/\/pfarrei-schwarzach-perasdorf.de\/wp-content\/uploads\/2021\/07\/9497_C-768x512.jpg\" alt=\"\" width=\"700\" height=\"467\" srcset=\"https:\/\/pfarrei-schwarzach-perasdorf.de\/wp-content\/uploads\/2021\/07\/9497_C-768x512.jpg 768w, https:\/\/pfarrei-schwarzach-perasdorf.de\/wp-content\/uploads\/2021\/07\/9497_C-150x100.jpg 150w, https:\/\/pfarrei-schwarzach-perasdorf.de\/wp-content\/uploads\/2021\/07\/9497_C-300x200.jpg 300w, https:\/\/pfarrei-schwarzach-perasdorf.de\/wp-content\/uploads\/2021\/07\/9497_C-1024x682.jpg 1024w\" sizes=\"(max-width: 700px) 100vw, 700px\" \/><\/a><\/p>\n","protected":false},"excerpt":{"rendered":"<p>Am Sonntag den 18. Juli durften 22 Erstkommunionkinder aus unserer Pfarreiengemeinschaft Schwarzach und Perasdorf sp\u00fcren, dass Jesus und Gott ihnen immer wieder und ganz besonders auch in Gestalt von Brot und Wein zeigen: \u201aVertrau mir \u2013 ich bin da!\u2018 Nach langer Zeit der Unsicherheit konnten wir nach den Pfingstferien die letzte und intensivste Etappe der &#8230; <span class=\"more\"><a class=\"more-link\" href=\"https:\/\/pfarrei-schwarzach-perasdorf.de\/?p=1969\">[weiterlesen&#8230;]<\/a><\/span><\/p>\n","protected":false},"author":9,"featured_media":0,"comment_status":"closed","ping_status":"closed","sticky":false,"template":"","format":"standard","meta":{"footnotes":""},"categories":[6],"tags":[],"_links":{"self":[{"href":"https:\/\/pfarrei-schwarzach-perasdorf.de\/index.php?rest_route=\/wp\/v2\/posts\/1969"}],"collection":[{"href":"https:\/\/pfarrei-schwarzach-perasdorf.de\/index.php?rest_route=\/wp\/v2\/posts"}],"about":[{"href":"https:\/\/pfarrei-schwarzach-perasdorf.de\/index.php?rest_route=\/wp\/v2\/types\/post"}],"author":[{"embeddable":true,"href":"https:\/\/pfarrei-schwarzach-perasdorf.de\/index.php?rest_route=\/wp\/v2\/users\/9"}],"replies":[{"embeddable":true,"href":"https:\/\/pfarrei-schwarzach-perasdorf.de\/index.php?rest_route=%2Fwp%2Fv2%2Fcomments&post=1969"}],"version-history":[{"count":1,"href":"https:\/\/pfarrei-schwarzach-perasdorf.de\/index.php?rest_route=\/wp\/v2\/posts\/1969\/revisions"}],"predecessor-version":[{"id":1971,"href":"https:\/\/pfarrei-schwarzach-perasdorf.de\/index.php?rest_route=\/wp\/v2\/posts\/1969\/revisions\/1971"}],"wp:attachment":[{"href":"https:\/\/pfarrei-schwarzach-perasdorf.de\/index.php?rest_route=%2Fwp%2Fv2%2Fmedia&parent=1969"}],"wp:term":[{"taxonomy":"category","embeddable":true,"href":"https:\/\/pfarrei-schwarzach-perasdorf.de\/index.php?rest_route=%2Fwp%2Fv2%2Fcategories&post=1969"},{"taxonomy":"post_tag","embeddable":true,"href":"https:\/\/pfarrei-schwarzach-perasdorf.de\/index.php?rest_route=%2Fwp%2Fv2%2Ftags&post=1969"}],"curies":[{"name":"wp","href":"https:\/\/api.w.org\/{rel}","templated":true}]}}