{"id":1953,"date":"2021-06-11T11:38:27","date_gmt":"2021-06-11T09:38:27","guid":{"rendered":"http:\/\/pfarrei-schwarzach-perasdorf.de\/?p=1953"},"modified":"2021-06-11T11:38:27","modified_gmt":"2021-06-11T09:38:27","slug":"dank-an-unsere-organistin-anna-bielmeier","status":"publish","type":"post","link":"https:\/\/pfarrei-schwarzach-perasdorf.de\/?p=1953","title":{"rendered":"Dank an unsere Organistin Anna Bielmeier"},"content":{"rendered":"<p>In den letzten Monaten hat sich in der Gestaltung des Gottesdienstes einiges getan. Volksgesang durfte lange Zeit nicht mehr sein, und doch ist ein Gottesdienst ohne Musik und gerade auch ohne die Texte der liturgischen Lieder nicht dasselbe. Doch dank unserer Organistin Anna Bielmeier m\u00fcssen unsere beiden Pfarreien nicht darauf verzichten. Seit vielen Monaten schon spielt sie f\u00fcr uns nicht mehr nur an der Orgel, sondern singt auch in fast jedem Gottesdienst, bisweilen unterst\u00fctzt von einzelnen S\u00e4nger\/innen aus dem Perasdorfer Kirchenchor, aber meist doch alleine. Dass dies ein deutlicher Mehraufwand und eine Herausforderung ist und auch nicht immer leicht von der Hand geht, kann man sich sicherlich gut vorstellen, wenn man nur daran denkt, dass es zum Teil auch mehrere Gottesdienste an einem Tag sind, die sie gesanglich begleitet.<br \/>\nWir ziehen den Hut vor dieser Leistung und genau deswegen haben wir ihr, als kleine Anerkennung, ein Geschenk \u00fcberreicht.<br \/>\nDanke und Vergelt\u2019s Gott f\u00fcr diesen Dienst! <a href=\"http:\/\/pfarrei-schwarzach-perasdorf.de\/wp-content\/uploads\/2021\/06\/SAM_2989.jpg\"><img loading=\"lazy\" decoding=\"async\" class=\"wp-image-1955 size-medium_large aligncenter\" src=\"http:\/\/pfarrei-schwarzach-perasdorf.de\/wp-content\/uploads\/2021\/06\/SAM_2989-768x512.jpg\" alt=\"\" width=\"700\" height=\"467\" srcset=\"https:\/\/pfarrei-schwarzach-perasdorf.de\/wp-content\/uploads\/2021\/06\/SAM_2989-768x512.jpg 768w, https:\/\/pfarrei-schwarzach-perasdorf.de\/wp-content\/uploads\/2021\/06\/SAM_2989-150x100.jpg 150w, https:\/\/pfarrei-schwarzach-perasdorf.de\/wp-content\/uploads\/2021\/06\/SAM_2989-300x200.jpg 300w, https:\/\/pfarrei-schwarzach-perasdorf.de\/wp-content\/uploads\/2021\/06\/SAM_2989-1024x683.jpg 1024w\" sizes=\"(max-width: 700px) 100vw, 700px\" \/><\/a><br \/>\n<a href=\"http:\/\/pfarrei-schwarzach-perasdorf.de\/wp-content\/uploads\/2021\/06\/SAM_2990-2.jpg\"><img loading=\"lazy\" decoding=\"async\" class=\"size-medium_large wp-image-1956 aligncenter\" src=\"http:\/\/pfarrei-schwarzach-perasdorf.de\/wp-content\/uploads\/2021\/06\/SAM_2990-2-768x512.jpg\" alt=\"\" width=\"700\" height=\"467\" srcset=\"https:\/\/pfarrei-schwarzach-perasdorf.de\/wp-content\/uploads\/2021\/06\/SAM_2990-2-768x512.jpg 768w, https:\/\/pfarrei-schwarzach-perasdorf.de\/wp-content\/uploads\/2021\/06\/SAM_2990-2-150x100.jpg 150w, https:\/\/pfarrei-schwarzach-perasdorf.de\/wp-content\/uploads\/2021\/06\/SAM_2990-2-300x200.jpg 300w, https:\/\/pfarrei-schwarzach-perasdorf.de\/wp-content\/uploads\/2021\/06\/SAM_2990-2-1024x683.jpg 1024w\" sizes=\"(max-width: 700px) 100vw, 700px\" \/><\/a>&nbsp;<br \/>\n<a href=\"http:\/\/pfarrei-schwarzach-perasdorf.de\/wp-content\/uploads\/2021\/06\/SAM_2993-2.jpg\"> <img loading=\"lazy\" decoding=\"async\" class=\"size-medium_large wp-image-1954 aligncenter\" src=\"http:\/\/pfarrei-schwarzach-perasdorf.de\/wp-content\/uploads\/2021\/06\/SAM_2993-2-768x512.jpg\" alt=\"\" width=\"700\" height=\"467\" srcset=\"https:\/\/pfarrei-schwarzach-perasdorf.de\/wp-content\/uploads\/2021\/06\/SAM_2993-2-768x512.jpg 768w, https:\/\/pfarrei-schwarzach-perasdorf.de\/wp-content\/uploads\/2021\/06\/SAM_2993-2-150x100.jpg 150w, https:\/\/pfarrei-schwarzach-perasdorf.de\/wp-content\/uploads\/2021\/06\/SAM_2993-2-300x200.jpg 300w, https:\/\/pfarrei-schwarzach-perasdorf.de\/wp-content\/uploads\/2021\/06\/SAM_2993-2-1024x683.jpg 1024w\" sizes=\"(max-width: 700px) 100vw, 700px\" \/><\/a><\/p>\n","protected":false},"excerpt":{"rendered":"<p>In den letzten Monaten hat sich in der Gestaltung des Gottesdienstes einiges getan. Volksgesang durfte lange Zeit nicht mehr sein, und doch ist ein Gottesdienst ohne Musik und gerade auch ohne die Texte der liturgischen Lieder nicht dasselbe. Doch dank unserer Organistin Anna Bielmeier m\u00fcssen unsere beiden Pfarreien nicht darauf verzichten. Seit vielen Monaten schon &#8230; <span class=\"more\"><a class=\"more-link\" href=\"https:\/\/pfarrei-schwarzach-perasdorf.de\/?p=1953\">[weiterlesen&#8230;]<\/a><\/span><\/p>\n","protected":false},"author":9,"featured_media":0,"comment_status":"closed","ping_status":"closed","sticky":false,"template":"","format":"standard","meta":{"footnotes":""},"categories":[6],"tags":[],"_links":{"self":[{"href":"https:\/\/pfarrei-schwarzach-perasdorf.de\/index.php?rest_route=\/wp\/v2\/posts\/1953"}],"collection":[{"href":"https:\/\/pfarrei-schwarzach-perasdorf.de\/index.php?rest_route=\/wp\/v2\/posts"}],"about":[{"href":"https:\/\/pfarrei-schwarzach-perasdorf.de\/index.php?rest_route=\/wp\/v2\/types\/post"}],"author":[{"embeddable":true,"href":"https:\/\/pfarrei-schwarzach-perasdorf.de\/index.php?rest_route=\/wp\/v2\/users\/9"}],"replies":[{"embeddable":true,"href":"https:\/\/pfarrei-schwarzach-perasdorf.de\/index.php?rest_route=%2Fwp%2Fv2%2Fcomments&post=1953"}],"version-history":[{"count":1,"href":"https:\/\/pfarrei-schwarzach-perasdorf.de\/index.php?rest_route=\/wp\/v2\/posts\/1953\/revisions"}],"predecessor-version":[{"id":1957,"href":"https:\/\/pfarrei-schwarzach-perasdorf.de\/index.php?rest_route=\/wp\/v2\/posts\/1953\/revisions\/1957"}],"wp:attachment":[{"href":"https:\/\/pfarrei-schwarzach-perasdorf.de\/index.php?rest_route=%2Fwp%2Fv2%2Fmedia&parent=1953"}],"wp:term":[{"taxonomy":"category","embeddable":true,"href":"https:\/\/pfarrei-schwarzach-perasdorf.de\/index.php?rest_route=%2Fwp%2Fv2%2Fcategories&post=1953"},{"taxonomy":"post_tag","embeddable":true,"href":"https:\/\/pfarrei-schwarzach-perasdorf.de\/index.php?rest_route=%2Fwp%2Fv2%2Ftags&post=1953"}],"curies":[{"name":"wp","href":"https:\/\/api.w.org\/{rel}","templated":true}]}}