{"id":1903,"date":"2021-04-13T14:51:01","date_gmt":"2021-04-13T12:51:01","guid":{"rendered":"http:\/\/pfarrei-schwarzach-perasdorf.de\/?p=1903"},"modified":"2021-04-13T14:51:58","modified_gmt":"2021-04-13T12:51:58","slug":"taizegebet-am-16-april","status":"publish","type":"post","link":"https:\/\/pfarrei-schwarzach-perasdorf.de\/?p=1903","title":{"rendered":"Taiz\u00e9gebet am 16. April"},"content":{"rendered":"<p>Am 16. April findet wieder um 19.00 das Taiz\u00e9gebet in der Pfarrkirche St. Martin in Schwarzach statt.<br \/>\nDas n\u00e4chste Taiz\u00e9gebet am 21. Mai um 19.00 findet dann in der Pfarrkriche St. Laurentius in Perasdorf statt.<\/p>\n","protected":false},"excerpt":{"rendered":"<p>Am 16. April findet wieder um 19.00 das Taiz\u00e9gebet in der Pfarrkirche St. Martin in Schwarzach statt. Das n\u00e4chste Taiz\u00e9gebet am 21. Mai um 19.00 findet dann in der Pfarrkriche St. Laurentius in Perasdorf statt.<\/p>\n","protected":false},"author":9,"featured_media":0,"comment_status":"closed","ping_status":"closed","sticky":false,"template":"","format":"standard","meta":{"footnotes":""},"categories":[6],"tags":[],"_links":{"self":[{"href":"https:\/\/pfarrei-schwarzach-perasdorf.de\/index.php?rest_route=\/wp\/v2\/posts\/1903"}],"collection":[{"href":"https:\/\/pfarrei-schwarzach-perasdorf.de\/index.php?rest_route=\/wp\/v2\/posts"}],"about":[{"href":"https:\/\/pfarrei-schwarzach-perasdorf.de\/index.php?rest_route=\/wp\/v2\/types\/post"}],"author":[{"embeddable":true,"href":"https:\/\/pfarrei-schwarzach-perasdorf.de\/index.php?rest_route=\/wp\/v2\/users\/9"}],"replies":[{"embeddable":true,"href":"https:\/\/pfarrei-schwarzach-perasdorf.de\/index.php?rest_route=%2Fwp%2Fv2%2Fcomments&post=1903"}],"version-history":[{"count":2,"href":"https:\/\/pfarrei-schwarzach-perasdorf.de\/index.php?rest_route=\/wp\/v2\/posts\/1903\/revisions"}],"predecessor-version":[{"id":1905,"href":"https:\/\/pfarrei-schwarzach-perasdorf.de\/index.php?rest_route=\/wp\/v2\/posts\/1903\/revisions\/1905"}],"wp:attachment":[{"href":"https:\/\/pfarrei-schwarzach-perasdorf.de\/index.php?rest_route=%2Fwp%2Fv2%2Fmedia&parent=1903"}],"wp:term":[{"taxonomy":"category","embeddable":true,"href":"https:\/\/pfarrei-schwarzach-perasdorf.de\/index.php?rest_route=%2Fwp%2Fv2%2Fcategories&post=1903"},{"taxonomy":"post_tag","embeddable":true,"href":"https:\/\/pfarrei-schwarzach-perasdorf.de\/index.php?rest_route=%2Fwp%2Fv2%2Ftags&post=1903"}],"curies":[{"name":"wp","href":"https:\/\/api.w.org\/{rel}","templated":true}]}}