{"id":1819,"date":"2021-02-22T13:42:34","date_gmt":"2021-02-22T12:42:34","guid":{"rendered":"http:\/\/pfarrei-schwarzach-perasdorf.de\/?p=1819"},"modified":"2021-02-22T13:43:23","modified_gmt":"2021-02-22T12:43:23","slug":"kinderkirche-war-wieder-ein-erfolg","status":"publish","type":"post","link":"https:\/\/pfarrei-schwarzach-perasdorf.de\/?p=1819","title":{"rendered":"Kinderkirche war wieder ein Erfolg!"},"content":{"rendered":"<p>Am ersten Fastensonntag kamen in der Pfarrkirche St. Martin in Schwarzach zehn Kinder zusammen, um etwas Neues \u00fcber die Fastenzeit zu erfahren. Gemeinsam mit GR Bartlreiher und dem Team der Kinderkirche fanden die Kinder heraus, dass die Fastenzeit die Vorbereitung auf das wichtiges Fest der Christen ist, n\u00e4mlich Ostern. Und dass wir uns nicht ablenken lassen sollen von unwichtigen Sachen, damit wir erkennen k\u00f6nnen, was wirklich wichtig ist und was wirklich z\u00e4hlt: Das Gott und Jesus uns Menschen liebt.<\/p>\n<p>Jesus will uns dabei helfen, dass die Fastenzeit eine gute Zeit wird und so h\u00f6rten die Kinder noch die Geschichte vom Steuereintreiber Zach\u00e4us. Dabei fanden die Kinder heraus, dass auch ein \u201eschlechter\u201c Mensch wie Zach\u00e4us sich von Jesus ber\u00fchren hat lassen und schlie\u00dflich sein Leben ge\u00e4ndert und Gutes getan hat. So wie er k\u00f6nnen auch wir unsere schlechten Seiten \u00e4ndern und eine gute Richtung einschlagen. Damit das gut klappt und die Kinder gest\u00e4rkt von Gott und Jesus die Fastenzeit bestreiten k\u00f6nnen, bekamen die Kinder am Ende noch das Aschekreuz auf den Kopf gestreut.<\/p>\n<p><img loading=\"lazy\" decoding=\"async\" class=\"wp-image-1820 alignright\" src=\"http:\/\/pfarrei-schwarzach-perasdorf.de\/wp-content\/uploads\/2021\/02\/SAM_2972-1024x683.jpg\" alt=\"\" width=\"655\" height=\"437\" srcset=\"https:\/\/pfarrei-schwarzach-perasdorf.de\/wp-content\/uploads\/2021\/02\/SAM_2972-1024x683.jpg 1024w, https:\/\/pfarrei-schwarzach-perasdorf.de\/wp-content\/uploads\/2021\/02\/SAM_2972-150x100.jpg 150w, https:\/\/pfarrei-schwarzach-perasdorf.de\/wp-content\/uploads\/2021\/02\/SAM_2972-300x200.jpg 300w, https:\/\/pfarrei-schwarzach-perasdorf.de\/wp-content\/uploads\/2021\/02\/SAM_2972-768x512.jpg 768w\" sizes=\"(max-width: 655px) 100vw, 655px\" \/><\/p>\n<p>&nbsp;<\/p>\n<p><img loading=\"lazy\" decoding=\"async\" class=\" wp-image-1821 alignright\" src=\"http:\/\/pfarrei-schwarzach-perasdorf.de\/wp-content\/uploads\/2021\/02\/SAM_2974-768x512.jpg\" alt=\"\" width=\"654\" height=\"436\" srcset=\"https:\/\/pfarrei-schwarzach-perasdorf.de\/wp-content\/uploads\/2021\/02\/SAM_2974-768x512.jpg 768w, https:\/\/pfarrei-schwarzach-perasdorf.de\/wp-content\/uploads\/2021\/02\/SAM_2974-150x100.jpg 150w, https:\/\/pfarrei-schwarzach-perasdorf.de\/wp-content\/uploads\/2021\/02\/SAM_2974-300x200.jpg 300w, https:\/\/pfarrei-schwarzach-perasdorf.de\/wp-content\/uploads\/2021\/02\/SAM_2974-1024x683.jpg 1024w\" sizes=\"(max-width: 654px) 100vw, 654px\" \/><\/p>\n","protected":false},"excerpt":{"rendered":"<p>Am ersten Fastensonntag kamen in der Pfarrkirche St. Martin in Schwarzach zehn Kinder zusammen, um etwas Neues \u00fcber die Fastenzeit zu erfahren. Gemeinsam mit GR Bartlreiher und dem Team der Kinderkirche fanden die Kinder heraus, dass die Fastenzeit die Vorbereitung auf das wichtiges Fest der Christen ist, n\u00e4mlich Ostern. Und dass wir uns nicht ablenken &#8230; <span class=\"more\"><a class=\"more-link\" href=\"https:\/\/pfarrei-schwarzach-perasdorf.de\/?p=1819\">[weiterlesen&#8230;]<\/a><\/span><\/p>\n","protected":false},"author":9,"featured_media":0,"comment_status":"closed","ping_status":"closed","sticky":false,"template":"","format":"standard","meta":{"footnotes":""},"categories":[6],"tags":[],"_links":{"self":[{"href":"https:\/\/pfarrei-schwarzach-perasdorf.de\/index.php?rest_route=\/wp\/v2\/posts\/1819"}],"collection":[{"href":"https:\/\/pfarrei-schwarzach-perasdorf.de\/index.php?rest_route=\/wp\/v2\/posts"}],"about":[{"href":"https:\/\/pfarrei-schwarzach-perasdorf.de\/index.php?rest_route=\/wp\/v2\/types\/post"}],"author":[{"embeddable":true,"href":"https:\/\/pfarrei-schwarzach-perasdorf.de\/index.php?rest_route=\/wp\/v2\/users\/9"}],"replies":[{"embeddable":true,"href":"https:\/\/pfarrei-schwarzach-perasdorf.de\/index.php?rest_route=%2Fwp%2Fv2%2Fcomments&post=1819"}],"version-history":[{"count":3,"href":"https:\/\/pfarrei-schwarzach-perasdorf.de\/index.php?rest_route=\/wp\/v2\/posts\/1819\/revisions"}],"predecessor-version":[{"id":1824,"href":"https:\/\/pfarrei-schwarzach-perasdorf.de\/index.php?rest_route=\/wp\/v2\/posts\/1819\/revisions\/1824"}],"wp:attachment":[{"href":"https:\/\/pfarrei-schwarzach-perasdorf.de\/index.php?rest_route=%2Fwp%2Fv2%2Fmedia&parent=1819"}],"wp:term":[{"taxonomy":"category","embeddable":true,"href":"https:\/\/pfarrei-schwarzach-perasdorf.de\/index.php?rest_route=%2Fwp%2Fv2%2Fcategories&post=1819"},{"taxonomy":"post_tag","embeddable":true,"href":"https:\/\/pfarrei-schwarzach-perasdorf.de\/index.php?rest_route=%2Fwp%2Fv2%2Ftags&post=1819"}],"curies":[{"name":"wp","href":"https:\/\/api.w.org\/{rel}","templated":true}]}}