{"id":1733,"date":"2021-01-11T18:26:15","date_gmt":"2021-01-11T17:26:15","guid":{"rendered":"http:\/\/pfarrei-schwarzach-perasdorf.de\/?p=1733"},"modified":"2021-01-11T18:27:00","modified_gmt":"2021-01-11T17:27:00","slug":"taufgedenken-in-schwarzach","status":"publish","type":"post","link":"https:\/\/pfarrei-schwarzach-perasdorf.de\/?p=1733","title":{"rendered":"Taufgedenken in Schwarzach"},"content":{"rendered":"<p>Am Fest Taufe des Herrn, kamen dieses Jahr drei Familien der Einladung nach, gemeinsam Gottesdienst zu feiern und dabei an die Taufe ihres Kindes zu denken, die im letzten Jahr stattgefunden hat. Pfarrer Dirscherl erz\u00e4hlte in seiner Predigt von der Taufe Jesu im Jordan und ging dabei auf die Bedeutung von Wasser, nicht nur f\u00fcr uns Menschen, sondern die ganze Sch\u00f6pfung ein. Anschlie\u00dfend wurden die T\u00e4uflinge mit ihren Familien gesegnet. Nach dem Gottesdienst erhielten die Familien ein kleines Geschenk. Leider konnten wir aufgrund der momentanen Situation den traditionellen Brunch im Pfarrheim nicht stattfinden lassen.<\/p>\n<div id=\"attachment_1734\" style=\"width: 710px\" class=\"wp-caption aligncenter\"><img loading=\"lazy\" decoding=\"async\" aria-describedby=\"caption-attachment-1734\" class=\"wp-image-1734 size-medium_large\" src=\"http:\/\/pfarrei-schwarzach-perasdorf.de\/wp-content\/uploads\/2021\/01\/SAM_2966-768x512.jpg\" alt=\"\" width=\"700\" height=\"467\" srcset=\"https:\/\/pfarrei-schwarzach-perasdorf.de\/wp-content\/uploads\/2021\/01\/SAM_2966-768x512.jpg 768w, https:\/\/pfarrei-schwarzach-perasdorf.de\/wp-content\/uploads\/2021\/01\/SAM_2966-150x100.jpg 150w, https:\/\/pfarrei-schwarzach-perasdorf.de\/wp-content\/uploads\/2021\/01\/SAM_2966-300x200.jpg 300w, https:\/\/pfarrei-schwarzach-perasdorf.de\/wp-content\/uploads\/2021\/01\/SAM_2966-1024x683.jpg 1024w\" sizes=\"(max-width: 700px) 100vw, 700px\" \/><p id=\"caption-attachment-1734\" class=\"wp-caption-text\">F\u00fcr das Foto wurden die Masken kurzzeitig abgenommen<\/p><\/div>\n","protected":false},"excerpt":{"rendered":"<p>Am Fest Taufe des Herrn, kamen dieses Jahr drei Familien der Einladung nach, gemeinsam Gottesdienst zu feiern und dabei an die Taufe ihres Kindes zu denken, die im letzten Jahr stattgefunden hat. Pfarrer Dirscherl erz\u00e4hlte in seiner Predigt von der Taufe Jesu im Jordan und ging dabei auf die Bedeutung von Wasser, nicht nur f\u00fcr &#8230; <span class=\"more\"><a class=\"more-link\" href=\"https:\/\/pfarrei-schwarzach-perasdorf.de\/?p=1733\">[weiterlesen&#8230;]<\/a><\/span><\/p>\n","protected":false},"author":9,"featured_media":0,"comment_status":"closed","ping_status":"closed","sticky":false,"template":"","format":"standard","meta":{"footnotes":""},"categories":[6],"tags":[],"_links":{"self":[{"href":"https:\/\/pfarrei-schwarzach-perasdorf.de\/index.php?rest_route=\/wp\/v2\/posts\/1733"}],"collection":[{"href":"https:\/\/pfarrei-schwarzach-perasdorf.de\/index.php?rest_route=\/wp\/v2\/posts"}],"about":[{"href":"https:\/\/pfarrei-schwarzach-perasdorf.de\/index.php?rest_route=\/wp\/v2\/types\/post"}],"author":[{"embeddable":true,"href":"https:\/\/pfarrei-schwarzach-perasdorf.de\/index.php?rest_route=\/wp\/v2\/users\/9"}],"replies":[{"embeddable":true,"href":"https:\/\/pfarrei-schwarzach-perasdorf.de\/index.php?rest_route=%2Fwp%2Fv2%2Fcomments&post=1733"}],"version-history":[{"count":1,"href":"https:\/\/pfarrei-schwarzach-perasdorf.de\/index.php?rest_route=\/wp\/v2\/posts\/1733\/revisions"}],"predecessor-version":[{"id":1735,"href":"https:\/\/pfarrei-schwarzach-perasdorf.de\/index.php?rest_route=\/wp\/v2\/posts\/1733\/revisions\/1735"}],"wp:attachment":[{"href":"https:\/\/pfarrei-schwarzach-perasdorf.de\/index.php?rest_route=%2Fwp%2Fv2%2Fmedia&parent=1733"}],"wp:term":[{"taxonomy":"category","embeddable":true,"href":"https:\/\/pfarrei-schwarzach-perasdorf.de\/index.php?rest_route=%2Fwp%2Fv2%2Fcategories&post=1733"},{"taxonomy":"post_tag","embeddable":true,"href":"https:\/\/pfarrei-schwarzach-perasdorf.de\/index.php?rest_route=%2Fwp%2Fv2%2Ftags&post=1733"}],"curies":[{"name":"wp","href":"https:\/\/api.w.org\/{rel}","templated":true}]}}