{"id":1731,"date":"2021-01-11T18:27:35","date_gmt":"2021-01-11T17:27:35","guid":{"rendered":"http:\/\/pfarrei-schwarzach-perasdorf.de\/?p=1731"},"modified":"2021-01-19T19:37:37","modified_gmt":"2021-01-19T18:37:37","slug":"infos-zur-erstkommunion-2021","status":"publish","type":"post","link":"https:\/\/pfarrei-schwarzach-perasdorf.de\/?p=1731","title":{"rendered":"Infos zur Erstkommunion 2021"},"content":{"rendered":"<p>In Anbetracht der momentanen Lage sind die n\u00e4chsten Verastaltungen (Elternabend und Beichte mit Beichtfest) bis auf Weiteres abgesagt. Auch die Tischgruppen k\u00f6nnen derzeit noch nicht stattfinden. Die Sch\u00fclermessen finden nachwievor statt.<br \/>\nDie neuesten Informationen entnehmen Sie bitte unserer Pfarreihomepage unter: <a href=\"http:\/\/pfarrei-schwarzach-perasdorf.de\/?page_id=1280\">Sakramente &#8211; Eucharistie &#8211; Erstkommunion<\/a>, oder der Presse. Sobald wir Neuigkeiten f\u00fcr Sie haben, werden wir Sie baldm\u00f6glichst bekannt geben.<br \/>\nSollten Sie weitere Fragen haben, melden Sie sich gerne bei Gemeinderefernt Martin Bartlreiher.<\/p>\n","protected":false},"excerpt":{"rendered":"<p>In Anbetracht der momentanen Lage sind die n\u00e4chsten Verastaltungen (Elternabend und Beichte mit Beichtfest) bis auf Weiteres abgesagt. Auch die Tischgruppen k\u00f6nnen derzeit noch nicht stattfinden. Die Sch\u00fclermessen finden nachwievor statt. Die neuesten Informationen entnehmen Sie bitte unserer Pfarreihomepage unter: Sakramente &#8211; Eucharistie &#8211; Erstkommunion, oder der Presse. Sobald wir Neuigkeiten f\u00fcr Sie haben, werden &#8230; <span class=\"more\"><a class=\"more-link\" href=\"https:\/\/pfarrei-schwarzach-perasdorf.de\/?p=1731\">[weiterlesen&#8230;]<\/a><\/span><\/p>\n","protected":false},"author":9,"featured_media":0,"comment_status":"closed","ping_status":"closed","sticky":false,"template":"","format":"standard","meta":{"footnotes":""},"categories":[6],"tags":[],"_links":{"self":[{"href":"https:\/\/pfarrei-schwarzach-perasdorf.de\/index.php?rest_route=\/wp\/v2\/posts\/1731"}],"collection":[{"href":"https:\/\/pfarrei-schwarzach-perasdorf.de\/index.php?rest_route=\/wp\/v2\/posts"}],"about":[{"href":"https:\/\/pfarrei-schwarzach-perasdorf.de\/index.php?rest_route=\/wp\/v2\/types\/post"}],"author":[{"embeddable":true,"href":"https:\/\/pfarrei-schwarzach-perasdorf.de\/index.php?rest_route=\/wp\/v2\/users\/9"}],"replies":[{"embeddable":true,"href":"https:\/\/pfarrei-schwarzach-perasdorf.de\/index.php?rest_route=%2Fwp%2Fv2%2Fcomments&post=1731"}],"version-history":[{"count":4,"href":"https:\/\/pfarrei-schwarzach-perasdorf.de\/index.php?rest_route=\/wp\/v2\/posts\/1731\/revisions"}],"predecessor-version":[{"id":1757,"href":"https:\/\/pfarrei-schwarzach-perasdorf.de\/index.php?rest_route=\/wp\/v2\/posts\/1731\/revisions\/1757"}],"wp:attachment":[{"href":"https:\/\/pfarrei-schwarzach-perasdorf.de\/index.php?rest_route=%2Fwp%2Fv2%2Fmedia&parent=1731"}],"wp:term":[{"taxonomy":"category","embeddable":true,"href":"https:\/\/pfarrei-schwarzach-perasdorf.de\/index.php?rest_route=%2Fwp%2Fv2%2Fcategories&post=1731"},{"taxonomy":"post_tag","embeddable":true,"href":"https:\/\/pfarrei-schwarzach-perasdorf.de\/index.php?rest_route=%2Fwp%2Fv2%2Ftags&post=1731"}],"curies":[{"name":"wp","href":"https:\/\/api.w.org\/{rel}","templated":true}]}}