{"id":1714,"date":"2020-12-08T12:58:50","date_gmt":"2020-12-08T11:58:50","guid":{"rendered":"http:\/\/pfarrei-schwarzach-perasdorf.de\/?p=1714"},"modified":"2020-12-08T12:58:50","modified_gmt":"2020-12-08T11:58:50","slug":"kinderchristmetten-in-unserer-pfarreiengemeinschaft","status":"publish","type":"post","link":"https:\/\/pfarrei-schwarzach-perasdorf.de\/?p=1714","title":{"rendered":"Kinderchristmetten in unserer Pfarreiengemeinschaft"},"content":{"rendered":"<p>Am Heiligen Abend, 24. Dezember feiern wir als Pfarreiengemeinschaft die Kinderchristmette aus Platzgr\u00fcnden zweimal in Schwarzach.<br \/>\nUm 14.30 feiern die Eltern mit Kindergartenkindern und j\u00fcnger; um 16.00 die Eltern mit Schulkindern.<br \/>\nDazu ist, wegen der begrenzten Anzahl an Pl\u00e4tzen, eine telefonische Anmeldung im Pfarrb\u00fcro Schwarzach, (09962-335) zu den B\u00fcrozeiten, Dienstag, Mittwoch und Freitag, jeweils von 8 bis 11 Uhr, n\u00f6tig.<\/p>\n","protected":false},"excerpt":{"rendered":"<p>Am Heiligen Abend, 24. Dezember feiern wir als Pfarreiengemeinschaft die Kinderchristmette aus Platzgr\u00fcnden zweimal in Schwarzach. Um 14.30 feiern die Eltern mit Kindergartenkindern und j\u00fcnger; um 16.00 die Eltern mit Schulkindern. Dazu ist, wegen der begrenzten Anzahl an Pl\u00e4tzen, eine telefonische Anmeldung im Pfarrb\u00fcro Schwarzach, (09962-335) zu den B\u00fcrozeiten, Dienstag, Mittwoch und Freitag, jeweils von &#8230; <span class=\"more\"><a class=\"more-link\" href=\"https:\/\/pfarrei-schwarzach-perasdorf.de\/?p=1714\">[weiterlesen&#8230;]<\/a><\/span><\/p>\n","protected":false},"author":9,"featured_media":0,"comment_status":"closed","ping_status":"closed","sticky":false,"template":"","format":"standard","meta":{"footnotes":""},"categories":[6],"tags":[],"_links":{"self":[{"href":"https:\/\/pfarrei-schwarzach-perasdorf.de\/index.php?rest_route=\/wp\/v2\/posts\/1714"}],"collection":[{"href":"https:\/\/pfarrei-schwarzach-perasdorf.de\/index.php?rest_route=\/wp\/v2\/posts"}],"about":[{"href":"https:\/\/pfarrei-schwarzach-perasdorf.de\/index.php?rest_route=\/wp\/v2\/types\/post"}],"author":[{"embeddable":true,"href":"https:\/\/pfarrei-schwarzach-perasdorf.de\/index.php?rest_route=\/wp\/v2\/users\/9"}],"replies":[{"embeddable":true,"href":"https:\/\/pfarrei-schwarzach-perasdorf.de\/index.php?rest_route=%2Fwp%2Fv2%2Fcomments&post=1714"}],"version-history":[{"count":1,"href":"https:\/\/pfarrei-schwarzach-perasdorf.de\/index.php?rest_route=\/wp\/v2\/posts\/1714\/revisions"}],"predecessor-version":[{"id":1715,"href":"https:\/\/pfarrei-schwarzach-perasdorf.de\/index.php?rest_route=\/wp\/v2\/posts\/1714\/revisions\/1715"}],"wp:attachment":[{"href":"https:\/\/pfarrei-schwarzach-perasdorf.de\/index.php?rest_route=%2Fwp%2Fv2%2Fmedia&parent=1714"}],"wp:term":[{"taxonomy":"category","embeddable":true,"href":"https:\/\/pfarrei-schwarzach-perasdorf.de\/index.php?rest_route=%2Fwp%2Fv2%2Fcategories&post=1714"},{"taxonomy":"post_tag","embeddable":true,"href":"https:\/\/pfarrei-schwarzach-perasdorf.de\/index.php?rest_route=%2Fwp%2Fv2%2Ftags&post=1714"}],"curies":[{"name":"wp","href":"https:\/\/api.w.org\/{rel}","templated":true}]}}