{"id":1634,"date":"2020-10-15T11:35:40","date_gmt":"2020-10-15T09:35:40","guid":{"rendered":"http:\/\/pfarrei-schwarzach-perasdorf.de\/?p=1634"},"modified":"2020-10-15T11:36:50","modified_gmt":"2020-10-15T09:36:50","slug":"endlich-wieder-kinderkirche","status":"publish","type":"post","link":"https:\/\/pfarrei-schwarzach-perasdorf.de\/?p=1634","title":{"rendered":"Endlich wieder Kinderkirche"},"content":{"rendered":"<p>Nach l\u00e4ngerer Pause konnte in unserer Pfarreiengemeinschaft endlich wieder die Kinderkirch stattfinden. Am 4. Oktober kamen elf Kinder im Pfarrheim in Schwarzach zusammen um sich gemeinsam mit dem Team der Kinderkirche \u00fcber Erntedank Gedanken zu machen. Dabei wurde besonderes Augenmerk auf die Entstehung von Brot gelegt, welches f\u00fcr uns Menschen wichtig zum Leben ist. Die Kinder dankten dabei Gott daf\u00fcr, dass er alles wachsen l\u00e4sst was wir Menschen brauchen und dass wir das Wissen und die Kraft haben aus dem was Gott uns schenkt etwas noch wertvolleres zu machen. Anschlie\u00dfend durften die Kinder Girlanden mit selbst ausgeschnittenen und bemalten Fr\u00fcchten etc. basteln, die sie dann mit nach Hause nehmen durften. Abschlie\u00dfend betrachteten die Kinder den Erntedankaltar in der Kirche, der vom Trachtenverein wundersch\u00f6n gestaltet wurde.<\/p>\n<p><a href=\"http:\/\/pfarrei-schwarzach-perasdorf.de\/wp-content\/uploads\/2020\/10\/SAM_2803.jpg\"><img loading=\"lazy\" decoding=\"async\" class=\"wp-image-1635 size-medium_large aligncenter\" src=\"http:\/\/pfarrei-schwarzach-perasdorf.de\/wp-content\/uploads\/2020\/10\/SAM_2803-768x512.jpg\" alt=\"\" width=\"700\" height=\"467\" srcset=\"https:\/\/pfarrei-schwarzach-perasdorf.de\/wp-content\/uploads\/2020\/10\/SAM_2803-768x512.jpg 768w, https:\/\/pfarrei-schwarzach-perasdorf.de\/wp-content\/uploads\/2020\/10\/SAM_2803-150x100.jpg 150w, https:\/\/pfarrei-schwarzach-perasdorf.de\/wp-content\/uploads\/2020\/10\/SAM_2803-300x200.jpg 300w, https:\/\/pfarrei-schwarzach-perasdorf.de\/wp-content\/uploads\/2020\/10\/SAM_2803-1024x683.jpg 1024w\" sizes=\"(max-width: 700px) 100vw, 700px\" \/><\/a><\/p>\n<p>&nbsp;<\/p>\n<p><a href=\"http:\/\/pfarrei-schwarzach-perasdorf.de\/wp-content\/uploads\/2020\/10\/SAM_2799.jpg\"><img loading=\"lazy\" decoding=\"async\" class=\"wp-image-1637 size-medium_large aligncenter\" src=\"http:\/\/pfarrei-schwarzach-perasdorf.de\/wp-content\/uploads\/2020\/10\/SAM_2799-768x512.jpg\" alt=\"\" width=\"700\" height=\"467\" srcset=\"https:\/\/pfarrei-schwarzach-perasdorf.de\/wp-content\/uploads\/2020\/10\/SAM_2799-768x512.jpg 768w, https:\/\/pfarrei-schwarzach-perasdorf.de\/wp-content\/uploads\/2020\/10\/SAM_2799-150x100.jpg 150w, https:\/\/pfarrei-schwarzach-perasdorf.de\/wp-content\/uploads\/2020\/10\/SAM_2799-300x200.jpg 300w, https:\/\/pfarrei-schwarzach-perasdorf.de\/wp-content\/uploads\/2020\/10\/SAM_2799-1024x683.jpg 1024w\" sizes=\"(max-width: 700px) 100vw, 700px\" \/><\/a><\/p>\n<p>&nbsp;<\/p>\n<p><a href=\"http:\/\/pfarrei-schwarzach-perasdorf.de\/wp-content\/uploads\/2020\/10\/SAM_2802.jpg\"><img loading=\"lazy\" decoding=\"async\" class=\"wp-image-1636 size-medium_large aligncenter\" src=\"http:\/\/pfarrei-schwarzach-perasdorf.de\/wp-content\/uploads\/2020\/10\/SAM_2802-768x512.jpg\" alt=\"\" width=\"700\" height=\"467\" srcset=\"https:\/\/pfarrei-schwarzach-perasdorf.de\/wp-content\/uploads\/2020\/10\/SAM_2802-768x512.jpg 768w, https:\/\/pfarrei-schwarzach-perasdorf.de\/wp-content\/uploads\/2020\/10\/SAM_2802-150x100.jpg 150w, https:\/\/pfarrei-schwarzach-perasdorf.de\/wp-content\/uploads\/2020\/10\/SAM_2802-300x200.jpg 300w, https:\/\/pfarrei-schwarzach-perasdorf.de\/wp-content\/uploads\/2020\/10\/SAM_2802-1024x683.jpg 1024w\" sizes=\"(max-width: 700px) 100vw, 700px\" \/><\/a><\/p>\n","protected":false},"excerpt":{"rendered":"<p>Nach l\u00e4ngerer Pause konnte in unserer Pfarreiengemeinschaft endlich wieder die Kinderkirch stattfinden. Am 4. Oktober kamen elf Kinder im Pfarrheim in Schwarzach zusammen um sich gemeinsam mit dem Team der Kinderkirche \u00fcber Erntedank Gedanken zu machen. Dabei wurde besonderes Augenmerk auf die Entstehung von Brot gelegt, welches f\u00fcr uns Menschen wichtig zum Leben ist. Die &#8230; <span class=\"more\"><a class=\"more-link\" href=\"https:\/\/pfarrei-schwarzach-perasdorf.de\/?p=1634\">[weiterlesen&#8230;]<\/a><\/span><\/p>\n","protected":false},"author":9,"featured_media":0,"comment_status":"closed","ping_status":"closed","sticky":false,"template":"","format":"standard","meta":{"footnotes":""},"categories":[6],"tags":[],"_links":{"self":[{"href":"https:\/\/pfarrei-schwarzach-perasdorf.de\/index.php?rest_route=\/wp\/v2\/posts\/1634"}],"collection":[{"href":"https:\/\/pfarrei-schwarzach-perasdorf.de\/index.php?rest_route=\/wp\/v2\/posts"}],"about":[{"href":"https:\/\/pfarrei-schwarzach-perasdorf.de\/index.php?rest_route=\/wp\/v2\/types\/post"}],"author":[{"embeddable":true,"href":"https:\/\/pfarrei-schwarzach-perasdorf.de\/index.php?rest_route=\/wp\/v2\/users\/9"}],"replies":[{"embeddable":true,"href":"https:\/\/pfarrei-schwarzach-perasdorf.de\/index.php?rest_route=%2Fwp%2Fv2%2Fcomments&post=1634"}],"version-history":[{"count":3,"href":"https:\/\/pfarrei-schwarzach-perasdorf.de\/index.php?rest_route=\/wp\/v2\/posts\/1634\/revisions"}],"predecessor-version":[{"id":1640,"href":"https:\/\/pfarrei-schwarzach-perasdorf.de\/index.php?rest_route=\/wp\/v2\/posts\/1634\/revisions\/1640"}],"wp:attachment":[{"href":"https:\/\/pfarrei-schwarzach-perasdorf.de\/index.php?rest_route=%2Fwp%2Fv2%2Fmedia&parent=1634"}],"wp:term":[{"taxonomy":"category","embeddable":true,"href":"https:\/\/pfarrei-schwarzach-perasdorf.de\/index.php?rest_route=%2Fwp%2Fv2%2Fcategories&post=1634"},{"taxonomy":"post_tag","embeddable":true,"href":"https:\/\/pfarrei-schwarzach-perasdorf.de\/index.php?rest_route=%2Fwp%2Fv2%2Ftags&post=1634"}],"curies":[{"name":"wp","href":"https:\/\/api.w.org\/{rel}","templated":true}]}}