{"id":1631,"date":"2020-10-15T11:31:33","date_gmt":"2020-10-15T09:31:33","guid":{"rendered":"http:\/\/pfarrei-schwarzach-perasdorf.de\/?p=1631"},"modified":"2020-10-15T11:31:33","modified_gmt":"2020-10-15T09:31:33","slug":"15-ehejubilare-feierten-gottesdienst","status":"publish","type":"post","link":"https:\/\/pfarrei-schwarzach-perasdorf.de\/?p=1631","title":{"rendered":"15 Ehejubilare feierten Gottesdienst"},"content":{"rendered":"<p>Am Samstag den 3. Oktober fanden sich in der Pfarrkirche St. Martin in Schwarzach 15 Paare aus unserer Pfarreiengemeinschaft zum Vorabendgottesdienst ein, um ihr Ehejubil\u00e4um von 25 oder mehr Jahren zu feiern. Das am l\u00e4ngsten verheiratete Paar konnte in diesem Gottesdienst auf 65 Jahre Ehe zur\u00fcckblicken. Traditionell wird dieser Gottesdienst in unserer Pfarreiengemeinschaft mit dem Erntedankwochenende verbunden, weil wir Menschen als Ehepaar auch \u201eDanke\u201c sagen d\u00fcrfen f\u00fcr das, was in der gemeinsamen Ehe gewachsen ist. Gemeindereferent Martin Bartlreiher nahm die Ehejubilare in seiner Predigt mit durch die H\u00f6hen und Tiefen einer (langj\u00e4hrigen) Beziehung und schloss mit einem Gedanken des Musikkabarettisten Bodo Wartke, aus seinem Lied \u201eLiebeslied\u201c: \u201eF\u00fcr dich w\u00fcrd&#8216; ich sofort bis ans Ende dieser Welt fahr&#8217;n \u2013 ich gebe dir mein Wort.\u201c Und genau das ist es was in einer Beziehung wirklich z\u00e4hlt.<\/p>\n<p><a href=\"http:\/\/pfarrei-schwarzach-perasdorf.de\/wp-content\/uploads\/2020\/10\/SAM_2792.jpg\"><img loading=\"lazy\" decoding=\"async\" class=\"aligncenter wp-image-1632 size-medium_large\" src=\"http:\/\/pfarrei-schwarzach-perasdorf.de\/wp-content\/uploads\/2020\/10\/SAM_2792-768x512.jpg\" alt=\"\" width=\"700\" height=\"467\" srcset=\"https:\/\/pfarrei-schwarzach-perasdorf.de\/wp-content\/uploads\/2020\/10\/SAM_2792-768x512.jpg 768w, https:\/\/pfarrei-schwarzach-perasdorf.de\/wp-content\/uploads\/2020\/10\/SAM_2792-150x100.jpg 150w, https:\/\/pfarrei-schwarzach-perasdorf.de\/wp-content\/uploads\/2020\/10\/SAM_2792-300x200.jpg 300w, https:\/\/pfarrei-schwarzach-perasdorf.de\/wp-content\/uploads\/2020\/10\/SAM_2792-1024x683.jpg 1024w\" sizes=\"(max-width: 700px) 100vw, 700px\" \/><\/a><\/p>\n","protected":false},"excerpt":{"rendered":"<p>Am Samstag den 3. Oktober fanden sich in der Pfarrkirche St. Martin in Schwarzach 15 Paare aus unserer Pfarreiengemeinschaft zum Vorabendgottesdienst ein, um ihr Ehejubil\u00e4um von 25 oder mehr Jahren zu feiern. Das am l\u00e4ngsten verheiratete Paar konnte in diesem Gottesdienst auf 65 Jahre Ehe zur\u00fcckblicken. Traditionell wird dieser Gottesdienst in unserer Pfarreiengemeinschaft mit dem &#8230; <span class=\"more\"><a class=\"more-link\" href=\"https:\/\/pfarrei-schwarzach-perasdorf.de\/?p=1631\">[weiterlesen&#8230;]<\/a><\/span><\/p>\n","protected":false},"author":9,"featured_media":0,"comment_status":"closed","ping_status":"closed","sticky":false,"template":"","format":"standard","meta":{"footnotes":""},"categories":[6],"tags":[],"_links":{"self":[{"href":"https:\/\/pfarrei-schwarzach-perasdorf.de\/index.php?rest_route=\/wp\/v2\/posts\/1631"}],"collection":[{"href":"https:\/\/pfarrei-schwarzach-perasdorf.de\/index.php?rest_route=\/wp\/v2\/posts"}],"about":[{"href":"https:\/\/pfarrei-schwarzach-perasdorf.de\/index.php?rest_route=\/wp\/v2\/types\/post"}],"author":[{"embeddable":true,"href":"https:\/\/pfarrei-schwarzach-perasdorf.de\/index.php?rest_route=\/wp\/v2\/users\/9"}],"replies":[{"embeddable":true,"href":"https:\/\/pfarrei-schwarzach-perasdorf.de\/index.php?rest_route=%2Fwp%2Fv2%2Fcomments&post=1631"}],"version-history":[{"count":1,"href":"https:\/\/pfarrei-schwarzach-perasdorf.de\/index.php?rest_route=\/wp\/v2\/posts\/1631\/revisions"}],"predecessor-version":[{"id":1633,"href":"https:\/\/pfarrei-schwarzach-perasdorf.de\/index.php?rest_route=\/wp\/v2\/posts\/1631\/revisions\/1633"}],"wp:attachment":[{"href":"https:\/\/pfarrei-schwarzach-perasdorf.de\/index.php?rest_route=%2Fwp%2Fv2%2Fmedia&parent=1631"}],"wp:term":[{"taxonomy":"category","embeddable":true,"href":"https:\/\/pfarrei-schwarzach-perasdorf.de\/index.php?rest_route=%2Fwp%2Fv2%2Fcategories&post=1631"},{"taxonomy":"post_tag","embeddable":true,"href":"https:\/\/pfarrei-schwarzach-perasdorf.de\/index.php?rest_route=%2Fwp%2Fv2%2Ftags&post=1631"}],"curies":[{"name":"wp","href":"https:\/\/api.w.org\/{rel}","templated":true}]}}