{"id":1623,"date":"2020-09-24T14:13:32","date_gmt":"2020-09-24T12:13:32","guid":{"rendered":"http:\/\/pfarrei-schwarzach-perasdorf.de\/?p=1623"},"modified":"2020-09-24T14:13:32","modified_gmt":"2020-09-24T12:13:32","slug":"bevorstehende-termine-taizegebet-und-kinderkirche","status":"publish","type":"post","link":"https:\/\/pfarrei-schwarzach-perasdorf.de\/?p=1623","title":{"rendered":"Bevorstehende Termine: Taiz\u00e9gebet und Kinderkirche"},"content":{"rendered":"<p>Liebe Pfarrgemeinde,<br \/>\nliebe Besucher unserer Homepage!<\/p>\n<p>Einige Zeit war es nun etwas still geworden auf unserer Homepage. Nun k\u00f6nnen langsam wieder die ersten Veranstaltungen stattfinden und unsere Homepage wird wieder regelm\u00e4\u00dfig mit den neuesten Informationen gef\u00fcttert.<\/p>\n<p>Am Freitag 25.09 findet um 19.00 Das Taiz\u00e9gebet statt.<\/p>\n<p>Am Sonntag 04.10 findet nun nach l\u00e4ngerer Zeit um 10.00 im Pfarrheim in Schwarzach wieder die Kinderkirche statt. Thema ist diesmal: Erntedank &#8211; Gott schenkt uns was wir zum Leben brauchen. Diesmal bitte unbedingt Bastelsachen mitnehmen! Au\u00dferdem bitten wir um vorherige Anmeldung bei Hr. Bartlreiher. (09962\/2039442)<\/p>\n<p>Herzliche Einladung dazu!<\/p>\n<p>Au\u00dferdem wurde hinter den Kulissen an den Inhalten und auch etwas am Erscheinungsbild unserer Homepage gearbeitet. In den n\u00e4chsten Wochen werden diese Inhalte ver\u00f6ffentlicht.<\/p>\n","protected":false},"excerpt":{"rendered":"<p>Liebe Pfarrgemeinde, liebe Besucher unserer Homepage! Einige Zeit war es nun etwas still geworden auf unserer Homepage. Nun k\u00f6nnen langsam wieder die ersten Veranstaltungen stattfinden und unsere Homepage wird wieder regelm\u00e4\u00dfig mit den neuesten Informationen gef\u00fcttert. Am Freitag 25.09 findet um 19.00 Das Taiz\u00e9gebet statt. Am Sonntag 04.10 findet nun nach l\u00e4ngerer Zeit um 10.00 &#8230; <span class=\"more\"><a class=\"more-link\" href=\"https:\/\/pfarrei-schwarzach-perasdorf.de\/?p=1623\">[weiterlesen&#8230;]<\/a><\/span><\/p>\n","protected":false},"author":9,"featured_media":0,"comment_status":"closed","ping_status":"closed","sticky":false,"template":"","format":"standard","meta":{"footnotes":""},"categories":[6],"tags":[],"_links":{"self":[{"href":"https:\/\/pfarrei-schwarzach-perasdorf.de\/index.php?rest_route=\/wp\/v2\/posts\/1623"}],"collection":[{"href":"https:\/\/pfarrei-schwarzach-perasdorf.de\/index.php?rest_route=\/wp\/v2\/posts"}],"about":[{"href":"https:\/\/pfarrei-schwarzach-perasdorf.de\/index.php?rest_route=\/wp\/v2\/types\/post"}],"author":[{"embeddable":true,"href":"https:\/\/pfarrei-schwarzach-perasdorf.de\/index.php?rest_route=\/wp\/v2\/users\/9"}],"replies":[{"embeddable":true,"href":"https:\/\/pfarrei-schwarzach-perasdorf.de\/index.php?rest_route=%2Fwp%2Fv2%2Fcomments&post=1623"}],"version-history":[{"count":1,"href":"https:\/\/pfarrei-schwarzach-perasdorf.de\/index.php?rest_route=\/wp\/v2\/posts\/1623\/revisions"}],"predecessor-version":[{"id":1624,"href":"https:\/\/pfarrei-schwarzach-perasdorf.de\/index.php?rest_route=\/wp\/v2\/posts\/1623\/revisions\/1624"}],"wp:attachment":[{"href":"https:\/\/pfarrei-schwarzach-perasdorf.de\/index.php?rest_route=%2Fwp%2Fv2%2Fmedia&parent=1623"}],"wp:term":[{"taxonomy":"category","embeddable":true,"href":"https:\/\/pfarrei-schwarzach-perasdorf.de\/index.php?rest_route=%2Fwp%2Fv2%2Fcategories&post=1623"},{"taxonomy":"post_tag","embeddable":true,"href":"https:\/\/pfarrei-schwarzach-perasdorf.de\/index.php?rest_route=%2Fwp%2Fv2%2Ftags&post=1623"}],"curies":[{"name":"wp","href":"https:\/\/api.w.org\/{rel}","templated":true}]}}