{"id":1575,"date":"2020-07-09T09:35:35","date_gmt":"2020-07-09T07:35:35","guid":{"rendered":"http:\/\/pfarrei-schwarzach-perasdorf.de\/?p=1575"},"modified":"2020-07-09T09:35:35","modified_gmt":"2020-07-09T07:35:35","slug":"taizegebet-im-freien","status":"publish","type":"post","link":"https:\/\/pfarrei-schwarzach-perasdorf.de\/?p=1575","title":{"rendered":"Taiz\u00e9gebet im Freien"},"content":{"rendered":"<p>Bei sch\u00f6nem Wetter findet am Freitag 10.07 um 20.00 das Taiz\u00e9gebet zum ersten Mal im Freien, und zwar im Garten des Kindergartens statt. Herzliche Einladung an alle Interessierten!<br \/>\nBei schlechtem Wetter wird das Taiz\u00e9gebt in die Pfarrkirche verschoben.<\/p>\n","protected":false},"excerpt":{"rendered":"<p>Bei sch\u00f6nem Wetter findet am Freitag 10.07 um 20.00 das Taiz\u00e9gebet zum ersten Mal im Freien, und zwar im Garten des Kindergartens statt. Herzliche Einladung an alle Interessierten! Bei schlechtem Wetter wird das Taiz\u00e9gebt in die Pfarrkirche verschoben.<\/p>\n","protected":false},"author":9,"featured_media":0,"comment_status":"closed","ping_status":"closed","sticky":false,"template":"","format":"standard","meta":{"footnotes":""},"categories":[6],"tags":[],"_links":{"self":[{"href":"https:\/\/pfarrei-schwarzach-perasdorf.de\/index.php?rest_route=\/wp\/v2\/posts\/1575"}],"collection":[{"href":"https:\/\/pfarrei-schwarzach-perasdorf.de\/index.php?rest_route=\/wp\/v2\/posts"}],"about":[{"href":"https:\/\/pfarrei-schwarzach-perasdorf.de\/index.php?rest_route=\/wp\/v2\/types\/post"}],"author":[{"embeddable":true,"href":"https:\/\/pfarrei-schwarzach-perasdorf.de\/index.php?rest_route=\/wp\/v2\/users\/9"}],"replies":[{"embeddable":true,"href":"https:\/\/pfarrei-schwarzach-perasdorf.de\/index.php?rest_route=%2Fwp%2Fv2%2Fcomments&post=1575"}],"version-history":[{"count":1,"href":"https:\/\/pfarrei-schwarzach-perasdorf.de\/index.php?rest_route=\/wp\/v2\/posts\/1575\/revisions"}],"predecessor-version":[{"id":1576,"href":"https:\/\/pfarrei-schwarzach-perasdorf.de\/index.php?rest_route=\/wp\/v2\/posts\/1575\/revisions\/1576"}],"wp:attachment":[{"href":"https:\/\/pfarrei-schwarzach-perasdorf.de\/index.php?rest_route=%2Fwp%2Fv2%2Fmedia&parent=1575"}],"wp:term":[{"taxonomy":"category","embeddable":true,"href":"https:\/\/pfarrei-schwarzach-perasdorf.de\/index.php?rest_route=%2Fwp%2Fv2%2Fcategories&post=1575"},{"taxonomy":"post_tag","embeddable":true,"href":"https:\/\/pfarrei-schwarzach-perasdorf.de\/index.php?rest_route=%2Fwp%2Fv2%2Ftags&post=1575"}],"curies":[{"name":"wp","href":"https:\/\/api.w.org\/{rel}","templated":true}]}}