{"id":1464,"date":"2020-05-02T19:12:04","date_gmt":"2020-05-02T17:12:04","guid":{"rendered":"http:\/\/pfarrei-schwarzach-perasdorf.de\/?p=1464"},"modified":"2020-06-24T08:17:05","modified_gmt":"2020-06-24T06:17:05","slug":"wichtige-informationen-zu-gottesdiensten-in-der-momentanen-situation","status":"publish","type":"post","link":"https:\/\/pfarrei-schwarzach-perasdorf.de\/?p=1464","title":{"rendered":"Neuerung seit dem 22.06 &#8211; Wichtige Informationen zu Gottesdiensten in der momentanen Situation"},"content":{"rendered":"<p>Seit dem 22.06 gelten neue Bestimmungen:<br \/>\nSo ist der Mindestabstand zwischen Personen, die nicht aus dem gleichen Haushalt sind auf 1,5m herabgesetzt und<br \/>\ndie Maske muss getragen werden, solange sie sich nicht auf ihrem Platz befinden.<br \/>\nUnten die ge\u00e4nderte Fassung des Textes.<\/p>\n<p>&nbsp;<\/p>\n<p>Liebe Gemeinde,<\/p>\n<p>laut Beschluss von Seiten der Politik und der Kirche ist es uns, unter bestimmten Vorraussetzungen, nun wieder gestattet, Gottesdienste mit beteiligung der \u00d6ffentlichkeit zu feiern.<br \/>\nSo finden in unserer Pfarreiengemeinschaft ab dem 09. Mai wieder die meisten Gottesdienste statt.<br \/>\nDa wir in der Wallfahrtskirche Wei\u00dfenberg und in der Klinikkapelle den Mindestabstand nicht einhalten k\u00f6nnen, bzw. bei Einhaltung nicht viele Gottesdienstbesucher teilnehmen k\u00f6nnten, werden s\u00e4mtliche Gottesdienste\/Maiandachten in der Pfarrkirche Schwarzach stattfinden.<br \/>\nDie Bittg\u00e4nge k\u00f6nnen, aus den oben genannten Gr\u00fcnden, ebenso in beiden Pfarreien nicht stattfinden. Die Gottesdienste werden um 19 Uhr in den jeweiligen Pfarrkirchen stattfinden.<br \/>\nAuch in der Hauskapelle in Kostenz ist das Einhalten des Mindestabstands nicht umsetzbar. Die Gottesdienste finden darum bis auf weiteres ohne \u00d6ffentlichkeit statt.<\/p>\n<p>Beachten sie bitte folgende di\u00f6zesane Anweisungen f\u00fcr die Liturgie<\/p>\n<p>Angepasst auf unsere Pfarreiengemeinschaft Schwarzach-Perasdorf ergeben sich folgende Vorschriften:<\/p>\n<ul>\n<li>Am Gottesdienst (Messfeier, Maiandacht, etc.) darf nicht teilnehmen, wer\n<ul>\n<li>Unspezifische Allgemeinsymptome, Fieber oder Atemwegsprobleme hat,<\/li>\n<li>in den letzten 14 Tagen in einem Kontakt zu einem mit Coronavirus SARS-CoV-2 infizierten Person stand,<\/li>\n<li>einer sonstigen Quarant\u00e4nema\u00dfnahme unterliegt<\/li>\n<\/ul>\n<\/li>\n<li>Zugang zur Kirche nur durch das jeweilige Hauptportal.<\/li>\n<li>W\u00e4hrend des Gottesdienstes (Messfeier, Maiandacht, etc.) ist Maskenpflicht solange sie sich nicht an ihrem Platz befinden. Die Maske ist mitzubringen.<\/li>\n<li>M\u00f6glichkeit zur H\u00e4ndedesinfektion ist gegeben.<\/li>\n<li>Bitte eigenes Gotteslob mitnehmen!<\/li>\n<li>Eintrag in Anwesenheitsliste durch Ordner.<\/li>\n<li>1,5-Meter-Abstand in der Kirche und in den B\u00e4nken (Ausnahmen: Zwischen Personen, die in einem Haushalt wohnen, ist der 1,5 Meterabstand nicht erforderlich)<\/li>\n<\/ul>\n","protected":false},"excerpt":{"rendered":"<p>Seit dem 22.06 gelten neue Bestimmungen: So ist der Mindestabstand zwischen Personen, die nicht aus dem gleichen Haushalt sind auf 1,5m herabgesetzt und die Maske muss getragen werden, solange sie sich nicht auf ihrem Platz befinden. Unten die ge\u00e4nderte Fassung des Textes. &nbsp; Liebe Gemeinde, laut Beschluss von Seiten der Politik und der Kirche ist &#8230; <span class=\"more\"><a class=\"more-link\" href=\"https:\/\/pfarrei-schwarzach-perasdorf.de\/?p=1464\">[weiterlesen&#8230;]<\/a><\/span><\/p>\n","protected":false},"author":9,"featured_media":0,"comment_status":"closed","ping_status":"closed","sticky":false,"template":"","format":"standard","meta":{"footnotes":""},"categories":[6],"tags":[],"_links":{"self":[{"href":"https:\/\/pfarrei-schwarzach-perasdorf.de\/index.php?rest_route=\/wp\/v2\/posts\/1464"}],"collection":[{"href":"https:\/\/pfarrei-schwarzach-perasdorf.de\/index.php?rest_route=\/wp\/v2\/posts"}],"about":[{"href":"https:\/\/pfarrei-schwarzach-perasdorf.de\/index.php?rest_route=\/wp\/v2\/types\/post"}],"author":[{"embeddable":true,"href":"https:\/\/pfarrei-schwarzach-perasdorf.de\/index.php?rest_route=\/wp\/v2\/users\/9"}],"replies":[{"embeddable":true,"href":"https:\/\/pfarrei-schwarzach-perasdorf.de\/index.php?rest_route=%2Fwp%2Fv2%2Fcomments&post=1464"}],"version-history":[{"count":5,"href":"https:\/\/pfarrei-schwarzach-perasdorf.de\/index.php?rest_route=\/wp\/v2\/posts\/1464\/revisions"}],"predecessor-version":[{"id":1567,"href":"https:\/\/pfarrei-schwarzach-perasdorf.de\/index.php?rest_route=\/wp\/v2\/posts\/1464\/revisions\/1567"}],"wp:attachment":[{"href":"https:\/\/pfarrei-schwarzach-perasdorf.de\/index.php?rest_route=%2Fwp%2Fv2%2Fmedia&parent=1464"}],"wp:term":[{"taxonomy":"category","embeddable":true,"href":"https:\/\/pfarrei-schwarzach-perasdorf.de\/index.php?rest_route=%2Fwp%2Fv2%2Fcategories&post=1464"},{"taxonomy":"post_tag","embeddable":true,"href":"https:\/\/pfarrei-schwarzach-perasdorf.de\/index.php?rest_route=%2Fwp%2Fv2%2Ftags&post=1464"}],"curies":[{"name":"wp","href":"https:\/\/api.w.org\/{rel}","templated":true}]}}