{"id":1405,"date":"2020-04-08T12:30:42","date_gmt":"2020-04-08T10:30:42","guid":{"rendered":"http:\/\/pfarrei-schwarzach-perasdorf.de\/?p=1405"},"modified":"2020-04-08T13:52:07","modified_gmt":"2020-04-08T11:52:07","slug":"gottesdienste-und-kirchenoeffnungszeiten-in-der-osterzeit","status":"publish","type":"post","link":"https:\/\/pfarrei-schwarzach-perasdorf.de\/?p=1405","title":{"rendered":"Gottesdienste und Kirchen\u00f6ffnungszeiten in der Osterzeit"},"content":{"rendered":"<p>Wir wissen, dieses Ostern ist ganz anders, f\u00fcr jeden von uns und dennoch bleibt die Botschaft die gleiche wie jedes andere Jahr. Vielleicht ist sie dieses Jahr sogar noch intensiver, da die Corona-Krise f\u00fcr uns Menschen wie ein ewig langer Karfreitag ist.<br \/>\nJesus geht f\u00fcr uns in den Tod, er erleidet alles mit uns und f\u00fchlt mit uns. Und dann, dann bleibt er nicht tot, er ist auferstanden und hat f\u00fcr uns den Tod besiegt. Er zeigt uns, dass nach dem Karfreitag ein neues Leben beginnt, ein Leben in F\u00fclle, ein Leben ohne Angst vor dem Tod, weil wir wissen: Der alles Leid, alle Probleme, selbst der Tod hat nicht das letzte Wort!<\/p>\n<p>Danke dass wir gerade auch in dieser Zeit genau das erfahren d\u00fcrfen, denn:<\/p>\n<p>An den Osterfeiertagen feiern wir in unserer Pfarreiengemeinschaft die Festgottesdienste f\u00fcr alle Gl\u00e4ubigen, leider unter Ausschluss der \u00d6ffentlichkeit. Dennoch sind wir dabei im Geiste miteinander verbunden.<\/p>\n<p>Die Gottesdienstzeiten sind, jeweils in Schwarzach:<br \/>\nGr\u00fcndonnerstag 20.00<br \/>\nKarfreitag 13.30<br \/>\nOsternacht 21.00<br \/>\nOstersonntag 10.00<br \/>\nOstermontag 10.00<\/p>\n<p><a href=\"http:\/\/pfarrei-schwarzach-perasdorf.de\/?page_id=1288\">Hier<\/a> finden sie zu den einzelnen Feiertagen verschiedene Vorlagen f\u00fcr einen Hausgottesdienst.<\/p>\n<p><strong>Schwarzach:<\/strong><br \/>\nAnschlie\u00dfend an die Gr\u00fcndonnerstagsliturgie, ca. 21.30, \u00f6ffnen wir die Kirchent\u00fcren bis 23.00 sodass Sie, wenn Sie wollen an diesem Abend bei Jesus in der Kirche verweilen k\u00f6nnen, so wie er auch damals seine J\u00fcnger gebeten hat: \u201eBleibet hier und wachet mit mir.\u201c<br \/>\nEine gesaltete Gebetswache wie es die letzten Jahre immer \u00fcblich war kann dieses Jahr leider nicht sein.<br \/>\nDie Karfreitagsliturgie wurde vorverschoben, sodass Sie, um 15.00, zur Sterbestunde Jesu, die M\u00f6glichkeit haben die Kirche zu besuchen und eine Zeit lang dort zu verweilen.<\/p>\n<p><strong>Perasdorf:<br \/>\n<\/strong>Die Kirche ist an jedem Tag bis 19.30 zum pers\u00f6nlichen Gebet oder verweilen ge\u00f6ffnet.<\/p>\n<p style=\"text-align: center;\"><em><strong>In diesem Sinne w\u00fcnschen wir Ihnen allen eine gesegnete Osterzeit und alles erdenklich Gute!<\/strong><\/em><\/p>\n","protected":false},"excerpt":{"rendered":"<p>Wir wissen, dieses Ostern ist ganz anders, f\u00fcr jeden von uns und dennoch bleibt die Botschaft die gleiche wie jedes andere Jahr. Vielleicht ist sie dieses Jahr sogar noch intensiver, da die Corona-Krise f\u00fcr uns Menschen wie ein ewig langer Karfreitag ist. Jesus geht f\u00fcr uns in den Tod, er erleidet alles mit uns und &#8230; <span class=\"more\"><a class=\"more-link\" href=\"https:\/\/pfarrei-schwarzach-perasdorf.de\/?p=1405\">[weiterlesen&#8230;]<\/a><\/span><\/p>\n","protected":false},"author":9,"featured_media":0,"comment_status":"closed","ping_status":"closed","sticky":false,"template":"","format":"standard","meta":{"footnotes":""},"categories":[6],"tags":[],"_links":{"self":[{"href":"https:\/\/pfarrei-schwarzach-perasdorf.de\/index.php?rest_route=\/wp\/v2\/posts\/1405"}],"collection":[{"href":"https:\/\/pfarrei-schwarzach-perasdorf.de\/index.php?rest_route=\/wp\/v2\/posts"}],"about":[{"href":"https:\/\/pfarrei-schwarzach-perasdorf.de\/index.php?rest_route=\/wp\/v2\/types\/post"}],"author":[{"embeddable":true,"href":"https:\/\/pfarrei-schwarzach-perasdorf.de\/index.php?rest_route=\/wp\/v2\/users\/9"}],"replies":[{"embeddable":true,"href":"https:\/\/pfarrei-schwarzach-perasdorf.de\/index.php?rest_route=%2Fwp%2Fv2%2Fcomments&post=1405"}],"version-history":[{"count":3,"href":"https:\/\/pfarrei-schwarzach-perasdorf.de\/index.php?rest_route=\/wp\/v2\/posts\/1405\/revisions"}],"predecessor-version":[{"id":1408,"href":"https:\/\/pfarrei-schwarzach-perasdorf.de\/index.php?rest_route=\/wp\/v2\/posts\/1405\/revisions\/1408"}],"wp:attachment":[{"href":"https:\/\/pfarrei-schwarzach-perasdorf.de\/index.php?rest_route=%2Fwp%2Fv2%2Fmedia&parent=1405"}],"wp:term":[{"taxonomy":"category","embeddable":true,"href":"https:\/\/pfarrei-schwarzach-perasdorf.de\/index.php?rest_route=%2Fwp%2Fv2%2Fcategories&post=1405"},{"taxonomy":"post_tag","embeddable":true,"href":"https:\/\/pfarrei-schwarzach-perasdorf.de\/index.php?rest_route=%2Fwp%2Fv2%2Ftags&post=1405"}],"curies":[{"name":"wp","href":"https:\/\/api.w.org\/{rel}","templated":true}]}}