{"id":1381,"date":"2020-04-03T11:27:16","date_gmt":"2020-04-03T09:27:16","guid":{"rendered":"http:\/\/pfarrei-schwarzach-perasdorf.de\/?p=1381"},"modified":"2020-04-06T11:16:27","modified_gmt":"2020-04-06T09:16:27","slug":"palmbuschensegnung-in-schwarzach-und-perasdorf","status":"publish","type":"post","link":"https:\/\/pfarrei-schwarzach-perasdorf.de\/?p=1381","title":{"rendered":"Palmbuschensegnung in Schwarzach und Perasdorf (Update)"},"content":{"rendered":"<p align=\"JUSTIFY\"><span style=\"font-size: large;\"><strong>Update:<\/strong> 06.04.2020<\/span><\/p>\n<p><span style=\"font-size: large;\">Am Palmsonntag feierten wir Gottesdienst und segneten dabei die Palmbuschen, die unsere Mesnerin Frua Karl und Blumen Biller f\u00fcr uns gemacht haben, sowie die Palmbuschen, die die Gl\u00e4ubigen zahlreich in die Kirche gebracht haben.<br \/>\nEs hat uns sehr gefreut, dass so viele dieses Angebot angenommen haben und wir so im Geiste miteinander verbunden Gottesdienst feiern durften.<\/span><\/p>\n<p><a href=\"http:\/\/pfarrei-schwarzach-perasdorf.de\/?page_id=1288\">Hier<\/a> finden Sie einen kurzen Impuls zum Palsmonntagsgottesdienst und einen Segnungstext, mit dem Sie auch selbst Ihren Palmbuschen segnen k\u00f6nnen, wenn Sie ihn nicht in die Kirche gebracht haben.<\/p>\n<p>&nbsp;<\/p>\n<p align=\"JUSTIFY\"><a href=\"http:\/\/pfarrei-schwarzach-perasdorf.de\/wp-content\/uploads\/2020\/04\/IMG_20200405_101205.jpg\"><img loading=\"lazy\" decoding=\"async\" class=\"alignnone size-medium wp-image-1394\" src=\"http:\/\/pfarrei-schwarzach-perasdorf.de\/wp-content\/uploads\/2020\/04\/IMG_20200405_101205-300x225.jpg\" alt=\"\" width=\"300\" height=\"225\" srcset=\"https:\/\/pfarrei-schwarzach-perasdorf.de\/wp-content\/uploads\/2020\/04\/IMG_20200405_101205-300x225.jpg 300w, https:\/\/pfarrei-schwarzach-perasdorf.de\/wp-content\/uploads\/2020\/04\/IMG_20200405_101205-150x113.jpg 150w, https:\/\/pfarrei-schwarzach-perasdorf.de\/wp-content\/uploads\/2020\/04\/IMG_20200405_101205-768x576.jpg 768w, https:\/\/pfarrei-schwarzach-perasdorf.de\/wp-content\/uploads\/2020\/04\/IMG_20200405_101205-1024x768.jpg 1024w\" sizes=\"(max-width: 300px) 100vw, 300px\" \/><\/a> <a href=\"http:\/\/pfarrei-schwarzach-perasdorf.de\/wp-content\/uploads\/2020\/04\/IMG_20200405_101225.jpg\"><img loading=\"lazy\" decoding=\"async\" class=\"alignnone size-medium wp-image-1393\" src=\"http:\/\/pfarrei-schwarzach-perasdorf.de\/wp-content\/uploads\/2020\/04\/IMG_20200405_101225-225x300.jpg\" alt=\"\" width=\"225\" height=\"300\" srcset=\"https:\/\/pfarrei-schwarzach-perasdorf.de\/wp-content\/uploads\/2020\/04\/IMG_20200405_101225-225x300.jpg 225w, https:\/\/pfarrei-schwarzach-perasdorf.de\/wp-content\/uploads\/2020\/04\/IMG_20200405_101225-113x150.jpg 113w, https:\/\/pfarrei-schwarzach-perasdorf.de\/wp-content\/uploads\/2020\/04\/IMG_20200405_101225-768x1024.jpg 768w\" sizes=\"(max-width: 225px) 100vw, 225px\" \/><\/a> <a href=\"http:\/\/pfarrei-schwarzach-perasdorf.de\/wp-content\/uploads\/2020\/04\/IMG_20200405_111555.jpg\"><img loading=\"lazy\" decoding=\"async\" class=\"alignnone size-medium wp-image-1392\" src=\"http:\/\/pfarrei-schwarzach-perasdorf.de\/wp-content\/uploads\/2020\/04\/IMG_20200405_111555-300x225.jpg\" alt=\"\" width=\"300\" height=\"225\" srcset=\"https:\/\/pfarrei-schwarzach-perasdorf.de\/wp-content\/uploads\/2020\/04\/IMG_20200405_111555-300x225.jpg 300w, https:\/\/pfarrei-schwarzach-perasdorf.de\/wp-content\/uploads\/2020\/04\/IMG_20200405_111555-150x113.jpg 150w, https:\/\/pfarrei-schwarzach-perasdorf.de\/wp-content\/uploads\/2020\/04\/IMG_20200405_111555-768x576.jpg 768w, https:\/\/pfarrei-schwarzach-perasdorf.de\/wp-content\/uploads\/2020\/04\/IMG_20200405_111555-1024x768.jpg 1024w\" sizes=\"(max-width: 300px) 100vw, 300px\" \/><\/a> <a href=\"http:\/\/pfarrei-schwarzach-perasdorf.de\/wp-content\/uploads\/2020\/04\/IMG_20200405_111535_1.jpg\"><img loading=\"lazy\" decoding=\"async\" class=\"size-medium wp-image-1391 alignnone\" src=\"http:\/\/pfarrei-schwarzach-perasdorf.de\/wp-content\/uploads\/2020\/04\/IMG_20200405_111535_1-300x225.jpg\" alt=\"\" width=\"300\" height=\"225\" srcset=\"https:\/\/pfarrei-schwarzach-perasdorf.de\/wp-content\/uploads\/2020\/04\/IMG_20200405_111535_1-300x225.jpg 300w, https:\/\/pfarrei-schwarzach-perasdorf.de\/wp-content\/uploads\/2020\/04\/IMG_20200405_111535_1-150x113.jpg 150w, https:\/\/pfarrei-schwarzach-perasdorf.de\/wp-content\/uploads\/2020\/04\/IMG_20200405_111535_1-768x576.jpg 768w, https:\/\/pfarrei-schwarzach-perasdorf.de\/wp-content\/uploads\/2020\/04\/IMG_20200405_111535_1-1024x768.jpg 1024w\" sizes=\"(max-width: 300px) 100vw, 300px\" \/><\/a><\/p>\n<p align=\"JUSTIFY\"><span style=\"font-size: large;\">&nbsp;&nbsp;&nbsp;<\/span><\/p>\n<p>03.04.2020<\/p>\n<p>Momentan finden aufgrund der besonderen Situation die Gottesdienste unter Ausschluss der \u00d6ffentlichkeit statt.<\/p>\n<p align=\"JUSTIFY\"><span style=\"font-size: large;\">Am Palmsonntag findet f\u00fcr unsere Pfarreiengemeinschaft Schwarzach und Perasdorf der Sonntagsgottesdienst um 10:00 Uhr in der Pfarrkirche St. Martin in Schwarzach statt.<\/span><\/p>\n<p align=\"JUSTIFY\"><span style=\"font-size: large;\"><br \/>\nWer selbst einen Palmbuschen gebastelt hat und ihn segnen lassen m\u00f6chte, kann ihn ab sofort mit Namen versehen und mit gen\u00fcgend Abstand in der Kirche deponieren, am besten jeweils am Ende einer Sitzbank. Ab 12:00 Uhr k\u00f6nnen Sie Ihre Palmbuschen wieder abholen.<\/span><\/p>\n<p align=\"JUSTIFY\"><span style=\"font-size: large;\">Von unser Mesnerin Stefanie Karl und von Blumen Biller bekommen wir insgesamt ca. 40 Palmbuschen, die auch an diesem Tag gesegnet werden. Auch diese d\u00fcrfen gerne, wenn sie einen Palmbuschen haben wollen, abgeholt werden.<\/span><\/p>\n<p>&nbsp;<\/p>\n<p align=\"JUSTIFY\"><a href=\"http:\/\/pfarrei-schwarzach-perasdorf.de\/?page_id=1258\">Hier<\/a> finden sie Vorschl\u00e4ge f\u00fcr die Kinder<\/p>\n<p align=\"JUSTIFY\"><a href=\"http:\/\/pfarrei-schwarzach-perasdorf.de\/wp-content\/uploads\/2020\/04\/Hausgottesdienst-Palmsonntag.pdf\">Hier<\/a> finden sie einen Hausgottesdienst f\u00fcr die ganze Familie<\/p>\n","protected":false},"excerpt":{"rendered":"<p>Update: 06.04.2020 Am Palmsonntag feierten wir Gottesdienst und segneten dabei die Palmbuschen, die unsere Mesnerin Frua Karl und Blumen Biller f\u00fcr uns gemacht haben, sowie die Palmbuschen, die die Gl\u00e4ubigen zahlreich in die Kirche gebracht haben. Es hat uns sehr gefreut, dass so viele dieses Angebot angenommen haben und wir so im Geiste miteinander verbunden &#8230; <span class=\"more\"><a class=\"more-link\" href=\"https:\/\/pfarrei-schwarzach-perasdorf.de\/?p=1381\">[weiterlesen&#8230;]<\/a><\/span><\/p>\n","protected":false},"author":9,"featured_media":0,"comment_status":"closed","ping_status":"closed","sticky":false,"template":"","format":"standard","meta":{"footnotes":""},"categories":[6],"tags":[],"_links":{"self":[{"href":"https:\/\/pfarrei-schwarzach-perasdorf.de\/index.php?rest_route=\/wp\/v2\/posts\/1381"}],"collection":[{"href":"https:\/\/pfarrei-schwarzach-perasdorf.de\/index.php?rest_route=\/wp\/v2\/posts"}],"about":[{"href":"https:\/\/pfarrei-schwarzach-perasdorf.de\/index.php?rest_route=\/wp\/v2\/types\/post"}],"author":[{"embeddable":true,"href":"https:\/\/pfarrei-schwarzach-perasdorf.de\/index.php?rest_route=\/wp\/v2\/users\/9"}],"replies":[{"embeddable":true,"href":"https:\/\/pfarrei-schwarzach-perasdorf.de\/index.php?rest_route=%2Fwp%2Fv2%2Fcomments&post=1381"}],"version-history":[{"count":9,"href":"https:\/\/pfarrei-schwarzach-perasdorf.de\/index.php?rest_route=\/wp\/v2\/posts\/1381\/revisions"}],"predecessor-version":[{"id":1400,"href":"https:\/\/pfarrei-schwarzach-perasdorf.de\/index.php?rest_route=\/wp\/v2\/posts\/1381\/revisions\/1400"}],"wp:attachment":[{"href":"https:\/\/pfarrei-schwarzach-perasdorf.de\/index.php?rest_route=%2Fwp%2Fv2%2Fmedia&parent=1381"}],"wp:term":[{"taxonomy":"category","embeddable":true,"href":"https:\/\/pfarrei-schwarzach-perasdorf.de\/index.php?rest_route=%2Fwp%2Fv2%2Fcategories&post=1381"},{"taxonomy":"post_tag","embeddable":true,"href":"https:\/\/pfarrei-schwarzach-perasdorf.de\/index.php?rest_route=%2Fwp%2Fv2%2Ftags&post=1381"}],"curies":[{"name":"wp","href":"https:\/\/api.w.org\/{rel}","templated":true}]}}