{"id":1364,"date":"2020-03-29T12:27:31","date_gmt":"2020-03-29T10:27:31","guid":{"rendered":"http:\/\/pfarrei-schwarzach-perasdorf.de\/?p=1364"},"modified":"2020-03-29T12:27:31","modified_gmt":"2020-03-29T10:27:31","slug":"wir-feiern-gottesdienst","status":"publish","type":"post","link":"https:\/\/pfarrei-schwarzach-perasdorf.de\/?p=1364","title":{"rendered":"Wir feiern Gottesdienst"},"content":{"rendered":"<p>Auch wenn wir nicht in Gemeinschaft mit den Gl\u00e4ubigen in der Kirche Gottesdienst feiern k\u00f6nnen, so k\u00f6nnen wir doch Gottesdienst in geistiger Verbundenheit feiern.<\/p>\n<p>Letzte Woche habe ich leider vers\u00e4umt einen entsprechenden Artikel zu schreiben, f\u00fcr heute will ich dies jedoch unbedingt tun!<\/p>\n<p>F\u00fcr alle und in geistiger Verbundenheit mit allen Gl\u00e4ubigen, haben wir heute in den Anliegen aller Menschen und im Hinblick auf die derzeitige Situation Gottesdienst gefeiert.<\/p>\n<p><a href=\"http:\/\/pfarrei-schwarzach-perasdorf.de\/wp-content\/uploads\/2020\/03\/IMG_20200329_102125.jpg\"><img loading=\"lazy\" decoding=\"async\" class=\"size-large wp-image-1365\" src=\"http:\/\/pfarrei-schwarzach-perasdorf.de\/wp-content\/uploads\/2020\/03\/IMG_20200329_102125-1024x768.jpg\" alt=\"\" width=\"700\" height=\"525\" srcset=\"https:\/\/pfarrei-schwarzach-perasdorf.de\/wp-content\/uploads\/2020\/03\/IMG_20200329_102125-1024x768.jpg 1024w, https:\/\/pfarrei-schwarzach-perasdorf.de\/wp-content\/uploads\/2020\/03\/IMG_20200329_102125-150x113.jpg 150w, https:\/\/pfarrei-schwarzach-perasdorf.de\/wp-content\/uploads\/2020\/03\/IMG_20200329_102125-300x225.jpg 300w, https:\/\/pfarrei-schwarzach-perasdorf.de\/wp-content\/uploads\/2020\/03\/IMG_20200329_102125-768x576.jpg 768w\" sizes=\"(max-width: 700px) 100vw, 700px\" \/><\/a><\/p>\n<p>Im Zentrum stand heute das Evangelium vom Lazarus, den Jesus von den Toten auferweckt hat (<a href=\"https:\/\/www.evangeliumtagfuertag.org\/DE\/gospel\">Joh 11, 1-45<\/a>) und genau das hat auch eine Tiefe bedeutung f\u00fcr uns heute.<br \/>\nJesus weint um Lazarus, er teilt die Trauer der Schwester des Lazarus und zeigt uns so, dass er mit uns mitf\u00fchlt. Auch heute trauert und f\u00fchlt er mit uns. Ganz besoders auch in unser jetztigen Situation. Jesus l\u00e4sst uns nicht allein, er ist f\u00fcr uns da und schenkt uns Kraft und neue Hoffnung im Angesicht des Todes und schwerer Erkrankung, den der Coronavirus auch mit sich bringt.<br \/>\nUnd so st\u00e4rkt uns der gemeinsame Glaube an Gott und Jesus, seinen Sohn nicht nur jetzt in dieser Zeit, sondern unser ganzes Leben lang. Und wir d\u00fcrfen sp\u00fcren, dass wir nicht alleine sind wenn wir beten &#8211; auch von zu Hause aus.<\/p>\n<p><em>Jesus, du hast Deinen Freund Lazarus<br \/>\naus dem Tod zum Leben gerufen.<br \/>\nDu schenkst uns Hoffnung gegen den Tod,<br \/>\nHoffnung zum Leben!<br \/>\nIn dieser Feier hast du uns<br \/>\nmit dem Brot des Lebens beschenkt,<br \/>\nBrot gegen den Tod.<br \/>\nLass uns die Hoffnung auf Leben weitertragen,<br \/>\n\u00fcberall dorthin, wo Verzweiflung l\u00e4hmt,<br \/>\nweo Resignation Leben verhindert,<br \/>\nwo sich der Tod breit macht.<br \/>\nLass uns Botschafter des Lebens sein<br \/>\nuns Zeichen des Lebens setzen.<br \/>\nUnd lass unseren Hunger nach Leben nicht enden,<br \/>\ndamit wir nicht aufh\u00f6ren, nach dem Leben zu suchen,<br \/>\nbis wir es gefunden haben, in Dir!<br \/>\n(Dr. Christoph Seidl)<br \/>\n<\/em><\/p>\n<p>&nbsp;<\/p>\n<p>Um zu sp\u00fcren, dass wir nicht alleine sind, darf ich sie herzlich einladen, an der <a href=\"http:\/\/pfarrei-schwarzach-perasdorf.de\/?p=1287\">Gebetsaktion<\/a> teilzunehmen.<\/p>\n","protected":false},"excerpt":{"rendered":"<p>Auch wenn wir nicht in Gemeinschaft mit den Gl\u00e4ubigen in der Kirche Gottesdienst feiern k\u00f6nnen, so k\u00f6nnen wir doch Gottesdienst in geistiger Verbundenheit feiern. Letzte Woche habe ich leider vers\u00e4umt einen entsprechenden Artikel zu schreiben, f\u00fcr heute will ich dies jedoch unbedingt tun! F\u00fcr alle und in geistiger Verbundenheit mit allen Gl\u00e4ubigen, haben wir heute &#8230; <span class=\"more\"><a class=\"more-link\" href=\"https:\/\/pfarrei-schwarzach-perasdorf.de\/?p=1364\">[weiterlesen&#8230;]<\/a><\/span><\/p>\n","protected":false},"author":9,"featured_media":0,"comment_status":"closed","ping_status":"closed","sticky":false,"template":"","format":"standard","meta":{"footnotes":""},"categories":[6],"tags":[],"_links":{"self":[{"href":"https:\/\/pfarrei-schwarzach-perasdorf.de\/index.php?rest_route=\/wp\/v2\/posts\/1364"}],"collection":[{"href":"https:\/\/pfarrei-schwarzach-perasdorf.de\/index.php?rest_route=\/wp\/v2\/posts"}],"about":[{"href":"https:\/\/pfarrei-schwarzach-perasdorf.de\/index.php?rest_route=\/wp\/v2\/types\/post"}],"author":[{"embeddable":true,"href":"https:\/\/pfarrei-schwarzach-perasdorf.de\/index.php?rest_route=\/wp\/v2\/users\/9"}],"replies":[{"embeddable":true,"href":"https:\/\/pfarrei-schwarzach-perasdorf.de\/index.php?rest_route=%2Fwp%2Fv2%2Fcomments&post=1364"}],"version-history":[{"count":1,"href":"https:\/\/pfarrei-schwarzach-perasdorf.de\/index.php?rest_route=\/wp\/v2\/posts\/1364\/revisions"}],"predecessor-version":[{"id":1366,"href":"https:\/\/pfarrei-schwarzach-perasdorf.de\/index.php?rest_route=\/wp\/v2\/posts\/1364\/revisions\/1366"}],"wp:attachment":[{"href":"https:\/\/pfarrei-schwarzach-perasdorf.de\/index.php?rest_route=%2Fwp%2Fv2%2Fmedia&parent=1364"}],"wp:term":[{"taxonomy":"category","embeddable":true,"href":"https:\/\/pfarrei-schwarzach-perasdorf.de\/index.php?rest_route=%2Fwp%2Fv2%2Fcategories&post=1364"},{"taxonomy":"post_tag","embeddable":true,"href":"https:\/\/pfarrei-schwarzach-perasdorf.de\/index.php?rest_route=%2Fwp%2Fv2%2Ftags&post=1364"}],"curies":[{"name":"wp","href":"https:\/\/api.w.org\/{rel}","templated":true}]}}