{"id":1197,"date":"2020-03-05T10:57:37","date_gmt":"2020-03-05T09:57:37","guid":{"rendered":"http:\/\/pfarrei-schwarzach-perasdorf.de\/?p=1197"},"modified":"2020-03-05T10:57:37","modified_gmt":"2020-03-05T09:57:37","slug":"10-jahre-mesnerin-in-schwarzach","status":"publish","type":"post","link":"https:\/\/pfarrei-schwarzach-perasdorf.de\/?p=1197","title":{"rendered":"10 Jahre Mesnerin in Schwarzach"},"content":{"rendered":"<p lang=\"de-DE\">Am 1.3.2020 durften wir in der Sonntagsmesse unserer Mesnerin Stefanie Karl f\u00fcr 10 Jahre Mesnerdienst in Schwarzach danken.<br \/>\nDie Pfarrgemeinderatssprecherin Beate Tremml \u00fcberreichte ihr, im Namen von Pfarrgemeinderat, Kirchenverwaltung und den Hauptamtlichen, als Dank f\u00fcr ihren Einsatz, einen Blumenstrau\u00df.<br \/>\nWir sind froh \u00fcber eine so engagierte Mesnerin, die auch viele Aufgaben, die \u00fcber den Mesnerdienst hinausgehen, \u00fcbernimmt und hoffen, dass sie uns noch einige Zeit erhalten bleibt.<br \/>\nVielen Dank f\u00fcr Alles und weiterhin alles Gute!<\/p>\n<p lang=\"de-DE\">&nbsp;<\/p>\n","protected":false},"excerpt":{"rendered":"<p>Am 1.3.2020 durften wir in der Sonntagsmesse unserer Mesnerin Stefanie Karl f\u00fcr 10 Jahre Mesnerdienst in Schwarzach danken. Die Pfarrgemeinderatssprecherin Beate Tremml \u00fcberreichte ihr, im Namen von Pfarrgemeinderat, Kirchenverwaltung und den Hauptamtlichen, als Dank f\u00fcr ihren Einsatz, einen Blumenstrau\u00df. Wir sind froh \u00fcber eine so engagierte Mesnerin, die auch viele Aufgaben, die \u00fcber den Mesnerdienst &#8230; <span class=\"more\"><a class=\"more-link\" href=\"https:\/\/pfarrei-schwarzach-perasdorf.de\/?p=1197\">[weiterlesen&#8230;]<\/a><\/span><\/p>\n","protected":false},"author":9,"featured_media":1198,"comment_status":"closed","ping_status":"closed","sticky":false,"template":"","format":"standard","meta":{"footnotes":""},"categories":[6],"tags":[],"_links":{"self":[{"href":"https:\/\/pfarrei-schwarzach-perasdorf.de\/index.php?rest_route=\/wp\/v2\/posts\/1197"}],"collection":[{"href":"https:\/\/pfarrei-schwarzach-perasdorf.de\/index.php?rest_route=\/wp\/v2\/posts"}],"about":[{"href":"https:\/\/pfarrei-schwarzach-perasdorf.de\/index.php?rest_route=\/wp\/v2\/types\/post"}],"author":[{"embeddable":true,"href":"https:\/\/pfarrei-schwarzach-perasdorf.de\/index.php?rest_route=\/wp\/v2\/users\/9"}],"replies":[{"embeddable":true,"href":"https:\/\/pfarrei-schwarzach-perasdorf.de\/index.php?rest_route=%2Fwp%2Fv2%2Fcomments&post=1197"}],"version-history":[{"count":1,"href":"https:\/\/pfarrei-schwarzach-perasdorf.de\/index.php?rest_route=\/wp\/v2\/posts\/1197\/revisions"}],"predecessor-version":[{"id":1199,"href":"https:\/\/pfarrei-schwarzach-perasdorf.de\/index.php?rest_route=\/wp\/v2\/posts\/1197\/revisions\/1199"}],"wp:featuredmedia":[{"embeddable":true,"href":"https:\/\/pfarrei-schwarzach-perasdorf.de\/index.php?rest_route=\/wp\/v2\/media\/1198"}],"wp:attachment":[{"href":"https:\/\/pfarrei-schwarzach-perasdorf.de\/index.php?rest_route=%2Fwp%2Fv2%2Fmedia&parent=1197"}],"wp:term":[{"taxonomy":"category","embeddable":true,"href":"https:\/\/pfarrei-schwarzach-perasdorf.de\/index.php?rest_route=%2Fwp%2Fv2%2Fcategories&post=1197"},{"taxonomy":"post_tag","embeddable":true,"href":"https:\/\/pfarrei-schwarzach-perasdorf.de\/index.php?rest_route=%2Fwp%2Fv2%2Ftags&post=1197"}],"curies":[{"name":"wp","href":"https:\/\/api.w.org\/{rel}","templated":true}]}}