{"id":1174,"date":"2020-02-21T14:09:23","date_gmt":"2020-02-21T13:09:23","guid":{"rendered":"http:\/\/pfarrei-schwarzach-perasdorf.de\/?p=1174"},"modified":"2020-02-21T14:31:12","modified_gmt":"2020-02-21T13:31:12","slug":"taizegebet","status":"publish","type":"post","link":"https:\/\/pfarrei-schwarzach-perasdorf.de\/?p=1174","title":{"rendered":"Taiz\u00e9gebet"},"content":{"rendered":"<p>Jeden Tag ist viel zu tun.<br \/>\nStress macht sich breit und die Hektik nimmt \u00dcberhand.<br \/>\nWie w\u00e4re es mal, in der Hektik des Tages<br \/>\neinfach nur mit Gott zur Ruhe zu kommen?<br \/>\nEgal ob gro\u00df oder klein, jung oder alt,<br \/>\nkomm einfach vorbei und g\u00f6nn Dir die Ruhe!<\/p>\n<p>Sie wissen nicht, ob es Ihnen gef\u00e4llt?<br \/>\nKein Problem, kommen Sie einfach vorbei! Es ist eine offene Gottesdienstform, in der Sie jederzeit dazukommen oder auch wieder gehen k\u00f6nnen.<\/p>\n<p><a href=\"http:\/\/pfarrei-schwarzach-perasdorf.de\/wp-content\/uploads\/2020\/02\/Taize-Plakat-2019-20.pdf\" rel=\"attachment wp-att-1176\">Einladung Taiz\u00e9gebet<\/a><\/p>\n<p>&nbsp;<\/p>\n","protected":false},"excerpt":{"rendered":"<p>Jeden Tag ist viel zu tun. Stress macht sich breit und die Hektik nimmt \u00dcberhand. Wie w\u00e4re es mal, in der Hektik des Tages einfach nur mit Gott zur Ruhe zu kommen? Egal ob gro\u00df oder klein, jung oder alt, komm einfach vorbei und g\u00f6nn Dir die Ruhe! Sie wissen nicht, ob es Ihnen gef\u00e4llt? &#8230; <span class=\"more\"><a class=\"more-link\" href=\"https:\/\/pfarrei-schwarzach-perasdorf.de\/?p=1174\">[weiterlesen&#8230;]<\/a><\/span><\/p>\n","protected":false},"author":9,"featured_media":0,"comment_status":"closed","ping_status":"closed","sticky":false,"template":"","format":"standard","meta":{"footnotes":""},"categories":[6],"tags":[],"_links":{"self":[{"href":"https:\/\/pfarrei-schwarzach-perasdorf.de\/index.php?rest_route=\/wp\/v2\/posts\/1174"}],"collection":[{"href":"https:\/\/pfarrei-schwarzach-perasdorf.de\/index.php?rest_route=\/wp\/v2\/posts"}],"about":[{"href":"https:\/\/pfarrei-schwarzach-perasdorf.de\/index.php?rest_route=\/wp\/v2\/types\/post"}],"author":[{"embeddable":true,"href":"https:\/\/pfarrei-schwarzach-perasdorf.de\/index.php?rest_route=\/wp\/v2\/users\/9"}],"replies":[{"embeddable":true,"href":"https:\/\/pfarrei-schwarzach-perasdorf.de\/index.php?rest_route=%2Fwp%2Fv2%2Fcomments&post=1174"}],"version-history":[{"count":15,"href":"https:\/\/pfarrei-schwarzach-perasdorf.de\/index.php?rest_route=\/wp\/v2\/posts\/1174\/revisions"}],"predecessor-version":[{"id":1190,"href":"https:\/\/pfarrei-schwarzach-perasdorf.de\/index.php?rest_route=\/wp\/v2\/posts\/1174\/revisions\/1190"}],"wp:attachment":[{"href":"https:\/\/pfarrei-schwarzach-perasdorf.de\/index.php?rest_route=%2Fwp%2Fv2%2Fmedia&parent=1174"}],"wp:term":[{"taxonomy":"category","embeddable":true,"href":"https:\/\/pfarrei-schwarzach-perasdorf.de\/index.php?rest_route=%2Fwp%2Fv2%2Fcategories&post=1174"},{"taxonomy":"post_tag","embeddable":true,"href":"https:\/\/pfarrei-schwarzach-perasdorf.de\/index.php?rest_route=%2Fwp%2Fv2%2Ftags&post=1174"}],"curies":[{"name":"wp","href":"https:\/\/api.w.org\/{rel}","templated":true}]}}