{"id":1164,"date":"2020-02-15T16:08:35","date_gmt":"2020-02-15T15:08:35","guid":{"rendered":"http:\/\/pfarrei-schwarzach-perasdorf.de\/?p=1164"},"modified":"2020-02-15T16:20:59","modified_gmt":"2020-02-15T15:20:59","slug":"kinderkirche","status":"publish","type":"post","link":"https:\/\/pfarrei-schwarzach-perasdorf.de\/?p=1164","title":{"rendered":"Kinderkirche"},"content":{"rendered":"<p>Am Sonntag 23. Februar l\u00e4dt das Team der Kinderkirche wieder um 9:45 ins Pfarrheim in Schwarzach ein. Diesmal geht es in der Kinderkirche um den Fasching. Gerne d\u00fcrfen die Kinder auch verkleidet kommen!<\/p>\n<p>Eltern und Gro\u00dfeltern k\u00f6nnen gerne im Pfarrheim dabei sein, oder w\u00e4hrenddessen den Sonntagsgottesdienst in der Pfarrkirche besuchen. Zum Vaterunser ziehen die Kinder in die Kirche ein und feiern dann den Rest des Gottesienstes mit. Hierzu sind vorne selbstverst\u00e4ndlich B\u00e4nke f\u00fcr die Kinder reserviert.<br \/>\nAuf viele Kinder freut sich, Michaela Bartlreiher mit dem ganzen Team!<\/p>\n","protected":false},"excerpt":{"rendered":"<p>Am Sonntag 23. Februar l\u00e4dt das Team der Kinderkirche wieder um 9:45 ins Pfarrheim in Schwarzach ein. Diesmal geht es in der Kinderkirche um den Fasching. Gerne d\u00fcrfen die Kinder auch verkleidet kommen! Eltern und Gro\u00dfeltern k\u00f6nnen gerne im Pfarrheim dabei sein, oder w\u00e4hrenddessen den Sonntagsgottesdienst in der Pfarrkirche besuchen. Zum Vaterunser ziehen die Kinder &#8230; <span class=\"more\"><a class=\"more-link\" href=\"https:\/\/pfarrei-schwarzach-perasdorf.de\/?p=1164\">[weiterlesen&#8230;]<\/a><\/span><\/p>\n","protected":false},"author":9,"featured_media":1165,"comment_status":"closed","ping_status":"closed","sticky":false,"template":"","format":"standard","meta":{"footnotes":""},"categories":[6],"tags":[],"_links":{"self":[{"href":"https:\/\/pfarrei-schwarzach-perasdorf.de\/index.php?rest_route=\/wp\/v2\/posts\/1164"}],"collection":[{"href":"https:\/\/pfarrei-schwarzach-perasdorf.de\/index.php?rest_route=\/wp\/v2\/posts"}],"about":[{"href":"https:\/\/pfarrei-schwarzach-perasdorf.de\/index.php?rest_route=\/wp\/v2\/types\/post"}],"author":[{"embeddable":true,"href":"https:\/\/pfarrei-schwarzach-perasdorf.de\/index.php?rest_route=\/wp\/v2\/users\/9"}],"replies":[{"embeddable":true,"href":"https:\/\/pfarrei-schwarzach-perasdorf.de\/index.php?rest_route=%2Fwp%2Fv2%2Fcomments&post=1164"}],"version-history":[{"count":6,"href":"https:\/\/pfarrei-schwarzach-perasdorf.de\/index.php?rest_route=\/wp\/v2\/posts\/1164\/revisions"}],"predecessor-version":[{"id":1171,"href":"https:\/\/pfarrei-schwarzach-perasdorf.de\/index.php?rest_route=\/wp\/v2\/posts\/1164\/revisions\/1171"}],"wp:featuredmedia":[{"embeddable":true,"href":"https:\/\/pfarrei-schwarzach-perasdorf.de\/index.php?rest_route=\/wp\/v2\/media\/1165"}],"wp:attachment":[{"href":"https:\/\/pfarrei-schwarzach-perasdorf.de\/index.php?rest_route=%2Fwp%2Fv2%2Fmedia&parent=1164"}],"wp:term":[{"taxonomy":"category","embeddable":true,"href":"https:\/\/pfarrei-schwarzach-perasdorf.de\/index.php?rest_route=%2Fwp%2Fv2%2Fcategories&post=1164"},{"taxonomy":"post_tag","embeddable":true,"href":"https:\/\/pfarrei-schwarzach-perasdorf.de\/index.php?rest_route=%2Fwp%2Fv2%2Ftags&post=1164"}],"curies":[{"name":"wp","href":"https:\/\/api.w.org\/{rel}","templated":true}]}}