{"id":1157,"date":"2020-02-13T10:03:49","date_gmt":"2020-02-13T09:03:49","guid":{"rendered":"http:\/\/pfarrei-schwarzach-perasdorf.de\/?p=1157"},"modified":"2020-02-13T10:10:40","modified_gmt":"2020-02-13T09:10:40","slug":"exerzitien-in-der-fastenzeit","status":"publish","type":"post","link":"https:\/\/pfarrei-schwarzach-perasdorf.de\/?p=1157","title":{"rendered":"Exerzitien in der Fastenzeit"},"content":{"rendered":"<p>Haben Sie den Wunsch, mal etwas vom Alltag loszukommen und sich dabei neue Kraft zu holen?<br \/>\nDie Exerzitien im Alltag bieten eine gute M\u00f6glichkeit genau hierf\u00fcr.<br \/>\nMit Musik, Meditation, Entspannung und Gespr\u00e4ch versuchen wir gemeinsam mit Gott in Kontakt zu kommen, um einmal vom Alltag abschalten zu k\u00f6nnen und neu Aufzutanken f\u00fcr die t\u00e4glichen Aufgaben, die zu bew\u00e4ltigen sind. Wir versuchen dabei auch etwas Handwerkszeug f\u00fcr &#8222;zwischendurch&#8220; zu erlernen, wenn nicht viel Zeit ist, doch der Stress \u00dcberhand zu nehmen droht.<\/p>\n<p>Kommen Sie gerne am 4. M\u00e4rz, 18. M\u00e4rz und 1. April jeweils um 20.00 Uhr im Pfarrheim in Schwarzach vorbei!<\/p>\n<p><a href=\"http:\/\/pfarrei-schwarzach-perasdorf.de\/wp-content\/uploads\/2020\/02\/Plakat.pdf\">Einladung zu Exerzitien im Alltag<\/a><\/p>\n","protected":false},"excerpt":{"rendered":"<p>Haben Sie den Wunsch, mal etwas vom Alltag loszukommen und sich dabei neue Kraft zu holen? Die Exerzitien im Alltag bieten eine gute M\u00f6glichkeit genau hierf\u00fcr. Mit Musik, Meditation, Entspannung und Gespr\u00e4ch versuchen wir gemeinsam mit Gott in Kontakt zu kommen, um einmal vom Alltag abschalten zu k\u00f6nnen und neu Aufzutanken f\u00fcr die t\u00e4glichen Aufgaben, &#8230; <span class=\"more\"><a class=\"more-link\" href=\"https:\/\/pfarrei-schwarzach-perasdorf.de\/?p=1157\">[weiterlesen&#8230;]<\/a><\/span><\/p>\n","protected":false},"author":9,"featured_media":0,"comment_status":"closed","ping_status":"closed","sticky":false,"template":"","format":"standard","meta":{"footnotes":""},"categories":[6],"tags":[],"_links":{"self":[{"href":"https:\/\/pfarrei-schwarzach-perasdorf.de\/index.php?rest_route=\/wp\/v2\/posts\/1157"}],"collection":[{"href":"https:\/\/pfarrei-schwarzach-perasdorf.de\/index.php?rest_route=\/wp\/v2\/posts"}],"about":[{"href":"https:\/\/pfarrei-schwarzach-perasdorf.de\/index.php?rest_route=\/wp\/v2\/types\/post"}],"author":[{"embeddable":true,"href":"https:\/\/pfarrei-schwarzach-perasdorf.de\/index.php?rest_route=\/wp\/v2\/users\/9"}],"replies":[{"embeddable":true,"href":"https:\/\/pfarrei-schwarzach-perasdorf.de\/index.php?rest_route=%2Fwp%2Fv2%2Fcomments&post=1157"}],"version-history":[{"count":5,"href":"https:\/\/pfarrei-schwarzach-perasdorf.de\/index.php?rest_route=\/wp\/v2\/posts\/1157\/revisions"}],"predecessor-version":[{"id":1163,"href":"https:\/\/pfarrei-schwarzach-perasdorf.de\/index.php?rest_route=\/wp\/v2\/posts\/1157\/revisions\/1163"}],"wp:attachment":[{"href":"https:\/\/pfarrei-schwarzach-perasdorf.de\/index.php?rest_route=%2Fwp%2Fv2%2Fmedia&parent=1157"}],"wp:term":[{"taxonomy":"category","embeddable":true,"href":"https:\/\/pfarrei-schwarzach-perasdorf.de\/index.php?rest_route=%2Fwp%2Fv2%2Fcategories&post=1157"},{"taxonomy":"post_tag","embeddable":true,"href":"https:\/\/pfarrei-schwarzach-perasdorf.de\/index.php?rest_route=%2Fwp%2Fv2%2Ftags&post=1157"}],"curies":[{"name":"wp","href":"https:\/\/api.w.org\/{rel}","templated":true}]}}