{"id":1094,"date":"2019-12-21T13:00:43","date_gmt":"2019-12-21T12:00:43","guid":{"rendered":"http:\/\/pfarrei-schwarzach-perasdorf.de\/?p=1094"},"modified":"2020-01-27T10:13:10","modified_gmt":"2020-01-27T09:13:10","slug":"schwarzach-und-perasdorf-am-wolfgangscup-in-teisnach","status":"publish","type":"post","link":"https:\/\/pfarrei-schwarzach-perasdorf.de\/?p=1094","title":{"rendered":"Schwarzach und Perasdorf am Wolfgangscup in Teisnach"},"content":{"rendered":"<p>Auch dieses Jahr konnte unsere Pfarreiengemeinschaft wieder mit einer gemischten Juniorengruppe von Ministranten aus Schwarzach und Perasdorf am Wolfgangscup teilnehmen.<br \/>\nDiesmal wurden wir zum Entscheid nach Teisnach eingeladen, wo unsere Mannschaft alles gab, aber leider nicht so erfolgreich war. Aufgrund einiger ungl\u00fccklicher Umst\u00e4nde mussten wir nach zwei Niederlagen das Feld r\u00e4umen und belegten so letztendlich den 11. Platz aus 14 teilnehmenden Mannschaften.<br \/>\nUmso gr\u00f6\u00dfer ist jedoch der Wille, n\u00e4chstes Jahr wieder teilzunehmen und da zu zeigen, was wir wirklich drauf haben!<\/p>\n<p>&nbsp;<\/p>\n<p><img loading=\"lazy\" decoding=\"async\" class=\"size-medium_large wp-image-1098\" src=\"http:\/\/pfarrei-schwarzach-perasdorf.de\/wp-content\/uploads\/2019\/12\/SAM_2428-768x512.jpg\" alt=\"\" width=\"700\" height=\"467\" srcset=\"https:\/\/pfarrei-schwarzach-perasdorf.de\/wp-content\/uploads\/2019\/12\/SAM_2428-768x512.jpg 768w, https:\/\/pfarrei-schwarzach-perasdorf.de\/wp-content\/uploads\/2019\/12\/SAM_2428-150x100.jpg 150w, https:\/\/pfarrei-schwarzach-perasdorf.de\/wp-content\/uploads\/2019\/12\/SAM_2428-300x200.jpg 300w, https:\/\/pfarrei-schwarzach-perasdorf.de\/wp-content\/uploads\/2019\/12\/SAM_2428-1024x683.jpg 1024w\" sizes=\"(max-width: 700px) 100vw, 700px\" \/><\/p>\n<p><img loading=\"lazy\" decoding=\"async\" class=\"size-medium_large wp-image-1095\" src=\"http:\/\/pfarrei-schwarzach-perasdorf.de\/wp-content\/uploads\/2019\/12\/SAM_2416-e1576933308880-768x1152.jpg\" alt=\"\" width=\"700\" height=\"1050\" srcset=\"https:\/\/pfarrei-schwarzach-perasdorf.de\/wp-content\/uploads\/2019\/12\/SAM_2416-e1576933308880-768x1152.jpg 768w, https:\/\/pfarrei-schwarzach-perasdorf.de\/wp-content\/uploads\/2019\/12\/SAM_2416-e1576933308880-100x150.jpg 100w, https:\/\/pfarrei-schwarzach-perasdorf.de\/wp-content\/uploads\/2019\/12\/SAM_2416-e1576933308880-200x300.jpg 200w, https:\/\/pfarrei-schwarzach-perasdorf.de\/wp-content\/uploads\/2019\/12\/SAM_2416-e1576933308880-683x1024.jpg 683w\" sizes=\"(max-width: 700px) 100vw, 700px\" \/><\/p>\n<p><img loading=\"lazy\" decoding=\"async\" class=\"size-medium_large wp-image-1096\" src=\"http:\/\/pfarrei-schwarzach-perasdorf.de\/wp-content\/uploads\/2019\/12\/SAM_2420-768x512.jpg\" alt=\"\" width=\"700\" height=\"467\" srcset=\"https:\/\/pfarrei-schwarzach-perasdorf.de\/wp-content\/uploads\/2019\/12\/SAM_2420-768x512.jpg 768w, https:\/\/pfarrei-schwarzach-perasdorf.de\/wp-content\/uploads\/2019\/12\/SAM_2420-150x100.jpg 150w, https:\/\/pfarrei-schwarzach-perasdorf.de\/wp-content\/uploads\/2019\/12\/SAM_2420-300x200.jpg 300w, https:\/\/pfarrei-schwarzach-perasdorf.de\/wp-content\/uploads\/2019\/12\/SAM_2420-1024x683.jpg 1024w\" sizes=\"(max-width: 700px) 100vw, 700px\" \/><\/p>\n<p><img loading=\"lazy\" decoding=\"async\" class=\"size-medium_large wp-image-1097\" src=\"http:\/\/pfarrei-schwarzach-perasdorf.de\/wp-content\/uploads\/2019\/12\/SAM_2424-768x512.jpg\" alt=\"\" width=\"700\" height=\"467\" srcset=\"https:\/\/pfarrei-schwarzach-perasdorf.de\/wp-content\/uploads\/2019\/12\/SAM_2424-768x512.jpg 768w, https:\/\/pfarrei-schwarzach-perasdorf.de\/wp-content\/uploads\/2019\/12\/SAM_2424-150x100.jpg 150w, https:\/\/pfarrei-schwarzach-perasdorf.de\/wp-content\/uploads\/2019\/12\/SAM_2424-300x200.jpg 300w, https:\/\/pfarrei-schwarzach-perasdorf.de\/wp-content\/uploads\/2019\/12\/SAM_2424-1024x683.jpg 1024w\" sizes=\"(max-width: 700px) 100vw, 700px\" \/><\/p>\n<p><img loading=\"lazy\" decoding=\"async\" class=\"size-medium_large wp-image-1099\" src=\"http:\/\/pfarrei-schwarzach-perasdorf.de\/wp-content\/uploads\/2019\/12\/SAM_2431-768x512.jpg\" alt=\"\" width=\"700\" height=\"467\" srcset=\"https:\/\/pfarrei-schwarzach-perasdorf.de\/wp-content\/uploads\/2019\/12\/SAM_2431-768x512.jpg 768w, https:\/\/pfarrei-schwarzach-perasdorf.de\/wp-content\/uploads\/2019\/12\/SAM_2431-150x100.jpg 150w, https:\/\/pfarrei-schwarzach-perasdorf.de\/wp-content\/uploads\/2019\/12\/SAM_2431-300x200.jpg 300w, https:\/\/pfarrei-schwarzach-perasdorf.de\/wp-content\/uploads\/2019\/12\/SAM_2431-1024x683.jpg 1024w\" sizes=\"(max-width: 700px) 100vw, 700px\" \/><\/p>\n","protected":false},"excerpt":{"rendered":"<p>Auch dieses Jahr konnte unsere Pfarreiengemeinschaft wieder mit einer gemischten Juniorengruppe von Ministranten aus Schwarzach und Perasdorf am Wolfgangscup teilnehmen. Diesmal wurden wir zum Entscheid nach Teisnach eingeladen, wo unsere Mannschaft alles gab, aber leider nicht so erfolgreich war. Aufgrund einiger ungl\u00fccklicher Umst\u00e4nde mussten wir nach zwei Niederlagen das Feld r\u00e4umen und belegten so letztendlich &#8230; <span class=\"more\"><a class=\"more-link\" href=\"https:\/\/pfarrei-schwarzach-perasdorf.de\/?p=1094\">[weiterlesen&#8230;]<\/a><\/span><\/p>\n","protected":false},"author":6,"featured_media":1100,"comment_status":"closed","ping_status":"closed","sticky":false,"template":"","format":"standard","meta":{"footnotes":""},"categories":[6],"tags":[],"_links":{"self":[{"href":"https:\/\/pfarrei-schwarzach-perasdorf.de\/index.php?rest_route=\/wp\/v2\/posts\/1094"}],"collection":[{"href":"https:\/\/pfarrei-schwarzach-perasdorf.de\/index.php?rest_route=\/wp\/v2\/posts"}],"about":[{"href":"https:\/\/pfarrei-schwarzach-perasdorf.de\/index.php?rest_route=\/wp\/v2\/types\/post"}],"author":[{"embeddable":true,"href":"https:\/\/pfarrei-schwarzach-perasdorf.de\/index.php?rest_route=\/wp\/v2\/users\/6"}],"replies":[{"embeddable":true,"href":"https:\/\/pfarrei-schwarzach-perasdorf.de\/index.php?rest_route=%2Fwp%2Fv2%2Fcomments&post=1094"}],"version-history":[{"count":3,"href":"https:\/\/pfarrei-schwarzach-perasdorf.de\/index.php?rest_route=\/wp\/v2\/posts\/1094\/revisions"}],"predecessor-version":[{"id":1108,"href":"https:\/\/pfarrei-schwarzach-perasdorf.de\/index.php?rest_route=\/wp\/v2\/posts\/1094\/revisions\/1108"}],"wp:featuredmedia":[{"embeddable":true,"href":"https:\/\/pfarrei-schwarzach-perasdorf.de\/index.php?rest_route=\/wp\/v2\/media\/1100"}],"wp:attachment":[{"href":"https:\/\/pfarrei-schwarzach-perasdorf.de\/index.php?rest_route=%2Fwp%2Fv2%2Fmedia&parent=1094"}],"wp:term":[{"taxonomy":"category","embeddable":true,"href":"https:\/\/pfarrei-schwarzach-perasdorf.de\/index.php?rest_route=%2Fwp%2Fv2%2Fcategories&post=1094"},{"taxonomy":"post_tag","embeddable":true,"href":"https:\/\/pfarrei-schwarzach-perasdorf.de\/index.php?rest_route=%2Fwp%2Fv2%2Ftags&post=1094"}],"curies":[{"name":"wp","href":"https:\/\/api.w.org\/{rel}","templated":true}]}}