{"id":1086,"date":"2019-11-25T13:59:35","date_gmt":"2019-11-25T12:59:35","guid":{"rendered":"http:\/\/pfarrei-schwarzach-perasdorf.de\/?p=1086"},"modified":"2019-12-21T14:03:29","modified_gmt":"2019-12-21T13:03:29","slug":"ministrantenaufnahme-und-verabschiedung-in-schwarzach","status":"publish","type":"post","link":"https:\/\/pfarrei-schwarzach-perasdorf.de\/?p=1086","title":{"rendered":"Ministrantenaufnahme und -verabschiedung in Schwarzach"},"content":{"rendered":"<p>Am 24.11.2019 wurden in unserer Pfarrgemeinde sieben neue Ministranten aufgenommen. Es war f\u00fcr alle Beteiligten ein besonderer Tag. Gestaltet wurde dieser Gottesdienst von GR Martin Bartlreiher und Pfr. Alfons Dirscherl. Auch unser neuer Pfarrvikar Pater Richard begleitete den Gottesdienst, an dem er selbst offiziell in unsere Pfarrgemeinde eingef\u00fchrt wurde. Also ein doppelter Grund zum Feiern!<br \/>\nBereits seit einigen Wochen bereiteten die sieben Neuen &#8211; Jana Geiger, Lea Kubitschek, Maya Kubitschek, Larissa Meier, Josephine Tobesch, Simon Stangl und Bastian Stiglbauer &#8211; sich mit Gemeindereferent Martin Bartlreiher auf den Dienst am Altar und insbesondere die Ministrantenaufnahme vor. Wir freuen uns alle riesig, dass ihr jetzt zu den Ministranten geh\u00f6rt! Im neuen Jahr werden sich die neuen Ministranten zusammen mit den diesj\u00e4hrigen F\u00fcnftkl\u00e4sslern zu regelm\u00e4\u00dfigen Gruppenstunden treffen. Dabei haben wir hoffentlich viel Spa\u00df und lernen bestimmt noch einiges Interessantes rund um den Ministrantendienst kennen.<br \/>\nAn diesem Tag verabschiedeten wir auch 13 \u201ealtgediente\u201c Ministranten, die \u00fcber viele Jahre ihren Ministrantendienst geleistet haben: Alenka Kress, Manuel Altsch\u00e4ffl, Marco Schwarzensteiner, Sophia Altsch\u00e4ffl, Luisa Falter, Thmoas Kellermeier, Bastian Holmer, Theresa Wirkner, Fabian Binnermann, Lisa Ulrich, Lukas Biller, Jan Ulrich und Adrian Murer. Wir danken euch ganz herzlich f\u00fcr drei bis zehn Jahre Dienst am Altar! F\u00fcr eure Zeit und eure Energie, die ihr aufgebracht habt und alles was ihr in dieser Zeit geleistet habt!<br \/>\nEin ganz besonderer Dank gilt unseren ehemaligen Oberministranten Adrian und Jan f\u00fcr alles, was sie f\u00fcr die Ministrantengruppe getan haben. Sehr froh sind wir auch dar\u00fcber, dass einige der Verabschiedeten uns weiterhin treu zur Seite stehen und uns gerne bei verschiedenen Aktionen unterst\u00fctzen \u2013 so werden sie auch an Weihnachten, Ostern oder Pfingsten noch das ein oder andere Mal am Altar zu sehen sein. Wir w\u00fcnschen euch alles erdenklich Gute und Gottes Segen auf eurem weiteren Weg!<\/p>\n<p>&nbsp;<\/p>\n<div id=\"attachment_1087\" style=\"width: 710px\" class=\"wp-caption aligncenter\"><img loading=\"lazy\" decoding=\"async\" aria-describedby=\"caption-attachment-1087\" width=\"700\" height=\"467\" class=\"size-medium_large wp-image-1087\" alt=\"\" src=\"http:\/\/pfarrei-schwarzach-perasdorf.de\/wp-content\/uploads\/2019\/12\/SAM_2438-768x512.jpg\" srcset=\"https:\/\/pfarrei-schwarzach-perasdorf.de\/wp-content\/uploads\/2019\/12\/SAM_2438-768x512.jpg 768w, https:\/\/pfarrei-schwarzach-perasdorf.de\/wp-content\/uploads\/2019\/12\/SAM_2438-150x100.jpg 150w, https:\/\/pfarrei-schwarzach-perasdorf.de\/wp-content\/uploads\/2019\/12\/SAM_2438-300x200.jpg 300w, https:\/\/pfarrei-schwarzach-perasdorf.de\/wp-content\/uploads\/2019\/12\/SAM_2438-1024x683.jpg 1024w\" sizes=\"(max-width: 700px) 100vw, 700px\" \/><p id=\"caption-attachment-1087\" class=\"wp-caption-text\">SAMSUNG CSC<\/p><\/div>\n<div id=\"attachment_1088\" style=\"width: 710px\" class=\"wp-caption aligncenter\"><img loading=\"lazy\" decoding=\"async\" aria-describedby=\"caption-attachment-1088\" width=\"700\" height=\"467\" class=\"size-medium_large wp-image-1088\" alt=\"\" src=\"http:\/\/pfarrei-schwarzach-perasdorf.de\/wp-content\/uploads\/2019\/12\/SAM_2441-768x512.jpg\" srcset=\"https:\/\/pfarrei-schwarzach-perasdorf.de\/wp-content\/uploads\/2019\/12\/SAM_2441-768x512.jpg 768w, https:\/\/pfarrei-schwarzach-perasdorf.de\/wp-content\/uploads\/2019\/12\/SAM_2441-150x100.jpg 150w, https:\/\/pfarrei-schwarzach-perasdorf.de\/wp-content\/uploads\/2019\/12\/SAM_2441-300x200.jpg 300w, https:\/\/pfarrei-schwarzach-perasdorf.de\/wp-content\/uploads\/2019\/12\/SAM_2441-1024x683.jpg 1024w\" sizes=\"(max-width: 700px) 100vw, 700px\" \/><p id=\"caption-attachment-1088\" class=\"wp-caption-text\">SAMSUNG CSC<\/p><\/div>\n<div id=\"attachment_1089\" style=\"width: 710px\" class=\"wp-caption aligncenter\"><img loading=\"lazy\" decoding=\"async\" aria-describedby=\"caption-attachment-1089\" width=\"700\" height=\"467\" class=\"size-medium_large wp-image-1089\" alt=\"\" src=\"http:\/\/pfarrei-schwarzach-perasdorf.de\/wp-content\/uploads\/2019\/12\/SAM_2445-768x512.jpg\" srcset=\"https:\/\/pfarrei-schwarzach-perasdorf.de\/wp-content\/uploads\/2019\/12\/SAM_2445-768x512.jpg 768w, https:\/\/pfarrei-schwarzach-perasdorf.de\/wp-content\/uploads\/2019\/12\/SAM_2445-150x100.jpg 150w, https:\/\/pfarrei-schwarzach-perasdorf.de\/wp-content\/uploads\/2019\/12\/SAM_2445-300x200.jpg 300w, https:\/\/pfarrei-schwarzach-perasdorf.de\/wp-content\/uploads\/2019\/12\/SAM_2445-1024x683.jpg 1024w\" sizes=\"(max-width: 700px) 100vw, 700px\" \/><p id=\"caption-attachment-1089\" class=\"wp-caption-text\">SAMSUNG CSC<\/p><\/div>\n<div id=\"attachment_1090\" style=\"width: 710px\" class=\"wp-caption aligncenter\"><img loading=\"lazy\" decoding=\"async\" aria-describedby=\"caption-attachment-1090\" width=\"700\" height=\"467\" class=\"size-medium_large wp-image-1090\" alt=\"\" src=\"http:\/\/pfarrei-schwarzach-perasdorf.de\/wp-content\/uploads\/2019\/12\/SAM_2462-768x512.jpg\" srcset=\"https:\/\/pfarrei-schwarzach-perasdorf.de\/wp-content\/uploads\/2019\/12\/SAM_2462-768x512.jpg 768w, https:\/\/pfarrei-schwarzach-perasdorf.de\/wp-content\/uploads\/2019\/12\/SAM_2462-150x100.jpg 150w, https:\/\/pfarrei-schwarzach-perasdorf.de\/wp-content\/uploads\/2019\/12\/SAM_2462-300x200.jpg 300w, https:\/\/pfarrei-schwarzach-perasdorf.de\/wp-content\/uploads\/2019\/12\/SAM_2462-1024x683.jpg 1024w\" sizes=\"(max-width: 700px) 100vw, 700px\" \/><p id=\"caption-attachment-1090\" class=\"wp-caption-text\">SAMSUNG CSC<\/p><\/div>\n<div id=\"attachment_1091\" style=\"width: 710px\" class=\"wp-caption aligncenter\"><img loading=\"lazy\" decoding=\"async\" aria-describedby=\"caption-attachment-1091\" width=\"700\" height=\"467\" class=\"size-medium_large wp-image-1091\" alt=\"\" src=\"http:\/\/pfarrei-schwarzach-perasdorf.de\/wp-content\/uploads\/2019\/12\/SAM_2470-768x512.jpg\" srcset=\"https:\/\/pfarrei-schwarzach-perasdorf.de\/wp-content\/uploads\/2019\/12\/SAM_2470-768x512.jpg 768w, https:\/\/pfarrei-schwarzach-perasdorf.de\/wp-content\/uploads\/2019\/12\/SAM_2470-150x100.jpg 150w, https:\/\/pfarrei-schwarzach-perasdorf.de\/wp-content\/uploads\/2019\/12\/SAM_2470-300x200.jpg 300w, https:\/\/pfarrei-schwarzach-perasdorf.de\/wp-content\/uploads\/2019\/12\/SAM_2470-1024x683.jpg 1024w\" sizes=\"(max-width: 700px) 100vw, 700px\" \/><p id=\"caption-attachment-1091\" class=\"wp-caption-text\">SAMSUNG CSC<\/p><\/div>\n","protected":false},"excerpt":{"rendered":"<p>Am 24.11.2019 wurden in unserer Pfarrgemeinde sieben neue Ministranten aufgenommen. Es war f\u00fcr alle Beteiligten ein besonderer Tag. Gestaltet wurde dieser Gottesdienst von GR Martin Bartlreiher und Pfr. Alfons Dirscherl. Auch unser neuer Pfarrvikar Pater Richard begleitete den Gottesdienst, an dem er selbst offiziell in unsere Pfarrgemeinde eingef\u00fchrt wurde. Also ein doppelter Grund zum Feiern! &#8230; <span class=\"more\"><a class=\"more-link\" href=\"https:\/\/pfarrei-schwarzach-perasdorf.de\/?p=1086\">[weiterlesen&#8230;]<\/a><\/span><\/p>\n","protected":false},"author":6,"featured_media":1092,"comment_status":"closed","ping_status":"closed","sticky":false,"template":"","format":"standard","meta":{"footnotes":""},"categories":[6],"tags":[],"_links":{"self":[{"href":"https:\/\/pfarrei-schwarzach-perasdorf.de\/index.php?rest_route=\/wp\/v2\/posts\/1086"}],"collection":[{"href":"https:\/\/pfarrei-schwarzach-perasdorf.de\/index.php?rest_route=\/wp\/v2\/posts"}],"about":[{"href":"https:\/\/pfarrei-schwarzach-perasdorf.de\/index.php?rest_route=\/wp\/v2\/types\/post"}],"author":[{"embeddable":true,"href":"https:\/\/pfarrei-schwarzach-perasdorf.de\/index.php?rest_route=\/wp\/v2\/users\/6"}],"replies":[{"embeddable":true,"href":"https:\/\/pfarrei-schwarzach-perasdorf.de\/index.php?rest_route=%2Fwp%2Fv2%2Fcomments&post=1086"}],"version-history":[{"count":1,"href":"https:\/\/pfarrei-schwarzach-perasdorf.de\/index.php?rest_route=\/wp\/v2\/posts\/1086\/revisions"}],"predecessor-version":[{"id":1093,"href":"https:\/\/pfarrei-schwarzach-perasdorf.de\/index.php?rest_route=\/wp\/v2\/posts\/1086\/revisions\/1093"}],"wp:featuredmedia":[{"embeddable":true,"href":"https:\/\/pfarrei-schwarzach-perasdorf.de\/index.php?rest_route=\/wp\/v2\/media\/1092"}],"wp:attachment":[{"href":"https:\/\/pfarrei-schwarzach-perasdorf.de\/index.php?rest_route=%2Fwp%2Fv2%2Fmedia&parent=1086"}],"wp:term":[{"taxonomy":"category","embeddable":true,"href":"https:\/\/pfarrei-schwarzach-perasdorf.de\/index.php?rest_route=%2Fwp%2Fv2%2Fcategories&post=1086"},{"taxonomy":"post_tag","embeddable":true,"href":"https:\/\/pfarrei-schwarzach-perasdorf.de\/index.php?rest_route=%2Fwp%2Fv2%2Ftags&post=1086"}],"curies":[{"name":"wp","href":"https:\/\/api.w.org\/{rel}","templated":true}]}}