{"id":1016,"date":"2019-02-11T20:18:07","date_gmt":"2019-02-11T19:18:07","guid":{"rendered":"http:\/\/pfarrei-schwarzach-perasdorf.de\/?p=1016"},"modified":"2019-02-11T20:25:28","modified_gmt":"2019-02-11T19:25:28","slug":"jahresabschluss-und-ehrungen-in-perasdorf","status":"publish","type":"post","link":"https:\/\/pfarrei-schwarzach-perasdorf.de\/?p=1016","title":{"rendered":"Jahresabschluss und Ehrungen in Perasdorf"},"content":{"rendered":"<div dir=\"auto\"><a href=\"http:\/\/pfarrei-schwarzach-perasdorf.de\/wp-content\/uploads\/2019\/02\/Jahresbaschluss.tiff\"><img loading=\"lazy\" decoding=\"async\" class=\"alignnone size-medium wp-image-1017\" src=\"http:\/\/pfarrei-schwarzach-perasdorf.de\/wp-content\/uploads\/2019\/02\/Jahresbaschluss.tiff\" alt=\"\" width=\"1\" height=\"1\"><img loading=\"lazy\" decoding=\"async\" class=\"alignnone size-medium wp-image-1017\" src=\"http:\/\/pfarrei-schwarzach-perasdorf.de\/wp-content\/uploads\/2019\/02\/Jahresbaschluss.tiff\" alt=\"\" width=\"1\" height=\"1\"><img loading=\"lazy\" decoding=\"async\" class=\"alignnone size-medium wp-image-1017\" src=\"http:\/\/pfarrei-schwarzach-perasdorf.de\/wp-content\/uploads\/2019\/02\/Jahresbaschluss.tiff\" alt=\"\" width=\"1\" height=\"1\"><\/a>&nbsp;<a href=\"http:\/\/pfarrei-schwarzach-perasdorf.de\/wp-content\/uploads\/2019\/02\/Jahresbaschluss-1.tiff\"><img loading=\"lazy\" decoding=\"async\" class=\"alignnone size-medium wp-image-1022\" src=\"http:\/\/pfarrei-schwarzach-perasdorf.de\/wp-content\/uploads\/2019\/02\/Jahresbaschluss-1.tiff\" alt=\"\" width=\"1\" height=\"1\"><\/a>Die haupt- und ehrenamtlichen Mitarbeiter der Pfarrei Sankt Laurentius trafen sich vergangenen Samstag nach einem gemeinsamen Gottesdienst im Gasthaus Steininger in Hintersollach, um bei einem Abendessen das vergangene Jahr Revue passieren zu lassen. Pfarrer Alfons Dirscherl, Pfarrgemeinderatssprecherin Barbara Dietl und Kirchenpfleger Fritz Feldmeier betonten, dass die Kirchenverwaltungswahlen und die Fertigstellung und Einweihung des renovierten Pfarrhofs das vergangene Jahr gepr\u00e4gt h\u00e4tten. Der Dank aller galt den vielen freiwilligen Helfern, die es m\u00f6glich gemacht h\u00e4tten, diese und noch viele weitere Projekte und Aktionen erfolgreich durchzuf\u00fchren. Besonderer Dank galt aber drei Anwesenden: Alfred Sch\u00e4tz und Gisela Stiglmeier traten bei den letzten Kirchenverwaltungswahlen nicht mehr an und bekamen f\u00fcr ihre Verdienste einen Geschenkkorb beziehungsweise einen Blumenstrau\u00df \u00fcberreicht. Auch Elvira Hartmannsgruber wurde geehrt. Sie k\u00fcmmerte sich lange Jahre um das Leichenhaus am Perasdorfer Friedhof. Alle drei Geehrten sicherten zu, der Pfarrgemeinde auch in Zukunft mit Rat und Tat zur Seite zu stehen. Der Dienst im christlichen Auftrag w\u00fcrde n\u00e4mlich, wie Pfarrer Dirscherl erkl\u00e4rte, bis in Ewigkeit gelten.<\/div>\n<div dir=\"auto\">&nbsp;<\/div>\n<div dir=\"auto\">Text&amp;Foto: Tobias Schroll<\/div>\n","protected":false},"excerpt":{"rendered":"<p>&nbsp;Die haupt- und ehrenamtlichen Mitarbeiter der Pfarrei Sankt Laurentius trafen sich vergangenen Samstag nach einem gemeinsamen Gottesdienst im Gasthaus Steininger in Hintersollach, um bei einem Abendessen das vergangene Jahr Revue passieren zu lassen. Pfarrer Alfons Dirscherl, Pfarrgemeinderatssprecherin Barbara Dietl und Kirchenpfleger Fritz Feldmeier betonten, dass die Kirchenverwaltungswahlen und die Fertigstellung und Einweihung des renovierten Pfarrhofs &#8230; <span class=\"more\"><a class=\"more-link\" href=\"https:\/\/pfarrei-schwarzach-perasdorf.de\/?p=1016\">[weiterlesen&#8230;]<\/a><\/span><\/p>\n","protected":false},"author":8,"featured_media":0,"comment_status":"closed","ping_status":"closed","sticky":false,"template":"","format":"standard","meta":{"footnotes":""},"categories":[6],"tags":[],"_links":{"self":[{"href":"https:\/\/pfarrei-schwarzach-perasdorf.de\/index.php?rest_route=\/wp\/v2\/posts\/1016"}],"collection":[{"href":"https:\/\/pfarrei-schwarzach-perasdorf.de\/index.php?rest_route=\/wp\/v2\/posts"}],"about":[{"href":"https:\/\/pfarrei-schwarzach-perasdorf.de\/index.php?rest_route=\/wp\/v2\/types\/post"}],"author":[{"embeddable":true,"href":"https:\/\/pfarrei-schwarzach-perasdorf.de\/index.php?rest_route=\/wp\/v2\/users\/8"}],"replies":[{"embeddable":true,"href":"https:\/\/pfarrei-schwarzach-perasdorf.de\/index.php?rest_route=%2Fwp%2Fv2%2Fcomments&post=1016"}],"version-history":[{"count":5,"href":"https:\/\/pfarrei-schwarzach-perasdorf.de\/index.php?rest_route=\/wp\/v2\/posts\/1016\/revisions"}],"predecessor-version":[{"id":1021,"href":"https:\/\/pfarrei-schwarzach-perasdorf.de\/index.php?rest_route=\/wp\/v2\/posts\/1016\/revisions\/1021"}],"wp:attachment":[{"href":"https:\/\/pfarrei-schwarzach-perasdorf.de\/index.php?rest_route=%2Fwp%2Fv2%2Fmedia&parent=1016"}],"wp:term":[{"taxonomy":"category","embeddable":true,"href":"https:\/\/pfarrei-schwarzach-perasdorf.de\/index.php?rest_route=%2Fwp%2Fv2%2Fcategories&post=1016"},{"taxonomy":"post_tag","embeddable":true,"href":"https:\/\/pfarrei-schwarzach-perasdorf.de\/index.php?rest_route=%2Fwp%2Fv2%2Ftags&post=1016"}],"curies":[{"name":"wp","href":"https:\/\/api.w.org\/{rel}","templated":true}]}}